{"id":2859,"date":"2023-07-10T18:04:00","date_gmt":"2023-07-10T16:04:00","guid":{"rendered":"https:\/\/www.giulia-larigaldie.com\/?p=2859"},"modified":"2023-07-26T18:10:18","modified_gmt":"2023-07-26T16:10:18","slug":"nouvelle-rencontre-a-luniversite-de-traduction-et-dinterpretariat-derlangen-en-allemagne","status":"publish","type":"post","link":"https:\/\/www.giulia-larigaldie.com\/de\/nouvelle-rencontre-a-luniversite-de-traduction-et-dinterpretariat-derlangen-en-allemagne\/","title":{"rendered":"Nouvelle rencontre \u00e0 l\u2019universit\u00e9 de traduction et d\u2019interpr\u00e9tariat d\u2019Erlangen en Allemagne."},"content":{"rendered":"\n<p>\u00a0Interview en allemand avec exercice de traduction simultan\u00e9e \u00ab\u00a0pour de vrai\u00a0\u00bb pour les \u00e9tudiants de deuxi\u00e8me ann\u00e9e\u00a0: ils se sont d\u00e9brouill\u00e9s comme des chefs\u00a0! <\/p>\n\n\n\n<p>Nous avons \u00e9voqu\u00e9 mon profil atypique, mes d\u00e9buts en \u00e9criture, le parcours du combattant jusqu\u2019\u00e0 la publication de mon premier roman \u00ab\u00a0Et la vie reprit \u00e0 petites foul\u00e9es\u00a0\u00bb, le second roman \u00ab\u00a0Les Confidences de Shalamar\u00a0\u00bb et les projets pour la suite.<\/p>\n\n\n\n<p>Nous avons tous pass\u00e9 un excellent moment. Quel plaisir de voir de jeunes Allemands passionn\u00e9s par les mots et la langue fran\u00e7aise\u00a0! <\/p>\n","protected":false},"excerpt":{"rendered":"<p>\u00a0Interview en allemand avec exercice de traduction simultan\u00e9e \u00ab\u00a0pour de vrai\u00a0\u00bb pour les \u00e9tudiants de deuxi\u00e8me ann\u00e9e\u00a0: ils se sont d\u00e9brouill\u00e9s comme des chefs\u00a0! Nous avons \u00e9voqu\u00e9 mon profil atypique, mes d\u00e9buts en \u00e9criture, le parcours du combattant jusqu\u2019\u00e0 la publication de mon premier roman \u00ab\u00a0Et la vie reprit \u00e0 petites foul\u00e9es\u00a0\u00bb, le second roman \u00ab\u00a0Les Confidences de Shalamar\u00a0\u00bb et les projets pour la suite. Nous avons tous pass\u00e9 un excellent moment. Quel plaisir de voir de jeunes Allemands passionn\u00e9s par les mots et la langue fran\u00e7aise\u00a0!<\/p>\n","protected":false},"author":2,"featured_media":2860,"comment_status":"open","ping_status":"open","sticky":false,"template":"","format":"standard","meta":{"_uag_custom_page_level_css":"","footnotes":""},"categories":[69,66,63,67,1],"tags":[],"class_list":["post-2859","post","type-post","status-publish","format-standard","has-post-thumbnail","hentry","category-ecriture-news","category-news","category-roman","category-roman-news","category-ecriture"],"yoast_head":"<!-- This site is optimized with the Yoast SEO plugin v25.7 - https:\/\/yoast.com\/wordpress\/plugins\/seo\/ -->\n<title>Nouvelle rencontre \u00e0 l\u2019universit\u00e9 de traduction et d\u2019interpr\u00e9tariat d\u2019Erlangen en Allemagne.<\/title>\n<meta name=\"robots\" content=\"index, follow, max-snippet:-1, max-image-preview:large, max-video-preview:-1\" \/>\n<link rel=\"canonical\" href=\"https:\/\/www.giulia-larigaldie.com\/de\/nouvelle-rencontre-a-luniversite-de-traduction-et-dinterpretariat-derlangen-en-allemagne\/\" \/>\n<meta property=\"og:locale\" content=\"de_DE\" \/>\n<meta property=\"og:locale:alternate\" content=\"fr_FR\" \/>\n<meta property=\"og:locale:alternate\" content=\"en_GB\" \/>\n<meta property=\"og:type\" content=\"article\" \/>\n<meta property=\"og:title\" content=\"Nouvelle rencontre \u00e0 l\u2019universit\u00e9 de traduction et d\u2019interpr\u00e9tariat d\u2019Erlangen en Allemagne.\" \/>\n<meta property=\"og:description\" content=\"\u00a0Interview en allemand avec exercice de traduction simultan\u00e9e \u00ab\u00a0pour de vrai\u00a0\u00bb pour les \u00e9tudiants de deuxi\u00e8me ann\u00e9e\u00a0: ils se sont d\u00e9brouill\u00e9s comme des chefs\u00a0! Nous avons \u00e9voqu\u00e9 mon profil atypique, mes d\u00e9buts en \u00e9criture, le parcours du combattant jusqu\u2019\u00e0 la publication de mon premier roman \u00ab\u00a0Et la vie reprit \u00e0 petites foul\u00e9es\u00a0\u00bb, le second roman \u00ab\u00a0Les Confidences de Shalamar\u00a0\u00bb et les projets pour la suite. Nous avons tous pass\u00e9 un excellent moment. Quel plaisir de voir de jeunes Allemands passionn\u00e9s par les mots et la langue fran\u00e7aise\u00a0!\" \/>\n<meta property=\"og:url\" content=\"https:\/\/www.giulia-larigaldie.com\/de\/nouvelle-rencontre-a-luniversite-de-traduction-et-dinterpretariat-derlangen-en-allemagne\/\" \/>\n<meta property=\"og:site_name\" content=\"Giulia Larigaldie\" \/>\n<meta property=\"article:published_time\" content=\"2023-07-10T16:04:00+00:00\" \/>\n<meta property=\"article:modified_time\" content=\"2023-07-26T16:10:18+00:00\" \/>\n<meta property=\"og:image\" content=\"https:\/\/www.giulia-larigaldie.com\/wp-content\/uploads\/2023\/07\/Elvrapf-IFA-Erlangen-rencontre.jpg\" \/>\n\t<meta property=\"og:image:width\" content=\"1512\" \/>\n\t<meta property=\"og:image:height\" content=\"1512\" \/>\n\t<meta property=\"og:image:type\" content=\"image\/jpeg\" \/>\n<meta name=\"author\" content=\"Giulia Larigaldie\" \/>\n<meta name=\"twitter:card\" content=\"summary_large_image\" \/>\n<meta name=\"twitter:label1\" content=\"Verfasst von\" \/>\n\t<meta name=\"twitter:data1\" content=\"Giulia Larigaldie\" \/>\n\t<meta name=\"twitter:label2\" content=\"Gesch\u00e4tzte Lesezeit\" \/>\n\t<meta name=\"twitter:data2\" content=\"1\u00a0Minute\" \/>\n<script type=\"application\/ld+json\" class=\"yoast-schema-graph\">{\"@context\":\"https:\/\/schema.org\",\"@graph\":[{\"@type\":\"Article\",\"@id\":\"https:\/\/www.giulia-larigaldie.com\/nouvelle-rencontre-a-luniversite-de-traduction-et-dinterpretariat-derlangen-en-allemagne\/#article\",\"isPartOf\":{\"@id\":\"https:\/\/www.giulia-larigaldie.com\/nouvelle-rencontre-a-luniversite-de-traduction-et-dinterpretariat-derlangen-en-allemagne\/\"},\"author\":{\"name\":\"Giulia Larigaldie\",\"@id\":\"https:\/\/www.giulia-larigaldie.com\/#\/schema\/person\/7ea8f5903d7a93eb0545f285f871b58b\"},\"headline\":\"Nouvelle rencontre \u00e0 l\u2019universit\u00e9 de traduction et d\u2019interpr\u00e9tariat d\u2019Erlangen en Allemagne.\",\"datePublished\":\"2023-07-10T16:04:00+00:00\",\"dateModified\":\"2023-07-26T16:10:18+00:00\",\"mainEntityOfPage\":{\"@id\":\"https:\/\/www.giulia-larigaldie.com\/nouvelle-rencontre-a-luniversite-de-traduction-et-dinterpretariat-derlangen-en-allemagne\/\"},\"wordCount\":111,\"commentCount\":0,\"publisher\":{\"@id\":\"https:\/\/www.giulia-larigaldie.com\/#organization\"},\"image\":{\"@id\":\"https:\/\/www.giulia-larigaldie.com\/nouvelle-rencontre-a-luniversite-de-traduction-et-dinterpretariat-derlangen-en-allemagne\/#primaryimage\"},\"thumbnailUrl\":\"https:\/\/www.giulia-larigaldie.com\/wp-content\/uploads\/2023\/07\/Elvrapf-IFA-Erlangen-rencontre.jpg\",\"articleSection\":[\"\u00c9criture\",\"News\",\"Roman\",\"Roman\",\"\u00c9CRITURE\"],\"inLanguage\":\"de-DE\",\"potentialAction\":[{\"@type\":\"CommentAction\",\"name\":\"Comment\",\"target\":[\"https:\/\/www.giulia-larigaldie.com\/nouvelle-rencontre-a-luniversite-de-traduction-et-dinterpretariat-derlangen-en-allemagne\/#respond\"]}]},{\"@type\":\"WebPage\",\"@id\":\"https:\/\/www.giulia-larigaldie.com\/nouvelle-rencontre-a-luniversite-de-traduction-et-dinterpretariat-derlangen-en-allemagne\/\",\"url\":\"https:\/\/www.giulia-larigaldie.com\/nouvelle-rencontre-a-luniversite-de-traduction-et-dinterpretariat-derlangen-en-allemagne\/\",\"name\":\"Nouvelle rencontre \u00e0 l\u2019universit\u00e9 de traduction et d\u2019interpr\u00e9tariat d\u2019Erlangen en Allemagne.\",\"isPartOf\":{\"@id\":\"https:\/\/www.giulia-larigaldie.com\/#website\"},\"primaryImageOfPage\":{\"@id\":\"https:\/\/www.giulia-larigaldie.com\/nouvelle-rencontre-a-luniversite-de-traduction-et-dinterpretariat-derlangen-en-allemagne\/#primaryimage\"},\"image\":{\"@id\":\"https:\/\/www.giulia-larigaldie.com\/nouvelle-rencontre-a-luniversite-de-traduction-et-dinterpretariat-derlangen-en-allemagne\/#primaryimage\"},\"thumbnailUrl\":\"https:\/\/www.giulia-larigaldie.com\/wp-content\/uploads\/2023\/07\/Elvrapf-IFA-Erlangen-rencontre.jpg\",\"datePublished\":\"2023-07-10T16:04:00+00:00\",\"dateModified\":\"2023-07-26T16:10:18+00:00\",\"breadcrumb\":{\"@id\":\"https:\/\/www.giulia-larigaldie.com\/nouvelle-rencontre-a-luniversite-de-traduction-et-dinterpretariat-derlangen-en-allemagne\/#breadcrumb\"},\"inLanguage\":\"de-DE\",\"potentialAction\":[{\"@type\":\"ReadAction\",\"target\":[\"https:\/\/www.giulia-larigaldie.com\/nouvelle-rencontre-a-luniversite-de-traduction-et-dinterpretariat-derlangen-en-allemagne\/\"]}]},{\"@type\":\"ImageObject\",\"inLanguage\":\"de-DE\",\"@id\":\"https:\/\/www.giulia-larigaldie.com\/nouvelle-rencontre-a-luniversite-de-traduction-et-dinterpretariat-derlangen-en-allemagne\/#primaryimage\",\"url\":\"https:\/\/www.giulia-larigaldie.com\/wp-content\/uploads\/2023\/07\/Elvrapf-IFA-Erlangen-rencontre.jpg\",\"contentUrl\":\"https:\/\/www.giulia-larigaldie.com\/wp-content\/uploads\/2023\/07\/Elvrapf-IFA-Erlangen-rencontre.jpg\",\"width\":1512,\"height\":1512},{\"@type\":\"BreadcrumbList\",\"@id\":\"https:\/\/www.giulia-larigaldie.com\/nouvelle-rencontre-a-luniversite-de-traduction-et-dinterpretariat-derlangen-en-allemagne\/#breadcrumb\",\"itemListElement\":[{\"@type\":\"ListItem\",\"position\":1,\"name\":\"Accueil\",\"item\":\"https:\/\/www.giulia-larigaldie.com\/\"},{\"@type\":\"ListItem\",\"position\":2,\"name\":\"Nouvelle rencontre \u00e0 l\u2019universit\u00e9 de traduction et d\u2019interpr\u00e9tariat d\u2019Erlangen en Allemagne.\"}]},{\"@type\":\"WebSite\",\"@id\":\"https:\/\/www.giulia-larigaldie.com\/#website\",\"url\":\"https:\/\/www.giulia-larigaldie.com\/\",\"name\":\"Giulia Larigaldie\",\"description\":\"\u00c9criture & photographie\",\"publisher\":{\"@id\":\"https:\/\/www.giulia-larigaldie.com\/#organization\"},\"potentialAction\":[{\"@type\":\"SearchAction\",\"target\":{\"@type\":\"EntryPoint\",\"urlTemplate\":\"https:\/\/www.giulia-larigaldie.com\/?s={search_term_string}\"},\"query-input\":{\"@type\":\"PropertyValueSpecification\",\"valueRequired\":true,\"valueName\":\"search_term_string\"}}],\"inLanguage\":\"de-DE\"},{\"@type\":\"Organization\",\"@id\":\"https:\/\/www.giulia-larigaldie.com\/#organization\",\"name\":\"Giulia Larigaldie\",\"url\":\"https:\/\/www.giulia-larigaldie.com\/\",\"logo\":{\"@type\":\"ImageObject\",\"inLanguage\":\"de-DE\",\"@id\":\"https:\/\/www.giulia-larigaldie.com\/#\/schema\/logo\/image\/\",\"url\":\"https:\/\/www.giulia-larigaldie.com\/wp-content\/uploads\/2020\/01\/cropped-logo-tres-petit-1.png\",\"contentUrl\":\"https:\/\/www.giulia-larigaldie.com\/wp-content\/uploads\/2020\/01\/cropped-logo-tres-petit-1.png\",\"width\":485,\"height\":216,\"caption\":\"Giulia Larigaldie\"},\"image\":{\"@id\":\"https:\/\/www.giulia-larigaldie.com\/#\/schema\/logo\/image\/\"}},{\"@type\":\"Person\",\"@id\":\"https:\/\/www.giulia-larigaldie.com\/#\/schema\/person\/7ea8f5903d7a93eb0545f285f871b58b\",\"name\":\"Giulia Larigaldie\",\"image\":{\"@type\":\"ImageObject\",\"inLanguage\":\"de-DE\",\"@id\":\"https:\/\/www.giulia-larigaldie.com\/#\/schema\/person\/image\/\",\"url\":\"https:\/\/secure.gravatar.com\/avatar\/1206d94e433482003e0c67627b1aea00af0c184ff4d600f0dbc5a61558e91de7?s=96&d=mm&r=g\",\"contentUrl\":\"https:\/\/secure.gravatar.com\/avatar\/1206d94e433482003e0c67627b1aea00af0c184ff4d600f0dbc5a61558e91de7?s=96&d=mm&r=g\",\"caption\":\"Giulia Larigaldie\"},\"sameAs\":[\"http:\/\/www.giulia-larigaldie.com\"],\"url\":\"https:\/\/www.giulia-larigaldie.com\/de\/author\/giulia\/\"}]}<\/script>\n<!-- \/ Yoast SEO plugin. -->","yoast_head_json":{"title":"Nouvelle rencontre \u00e0 l\u2019universit\u00e9 de traduction et d\u2019interpr\u00e9tariat d\u2019Erlangen en Allemagne.","robots":{"index":"index","follow":"follow","max-snippet":"max-snippet:-1","max-image-preview":"max-image-preview:large","max-video-preview":"max-video-preview:-1"},"canonical":"https:\/\/www.giulia-larigaldie.com\/de\/nouvelle-rencontre-a-luniversite-de-traduction-et-dinterpretariat-derlangen-en-allemagne\/","og_locale":"de_DE","og_type":"article","og_title":"[:fr]Nouvelle rencontre \u00e0 l\u2019universit\u00e9 de traduction et d\u2019interpr\u00e9tariat d\u2019Erlangen en Allemagne.[:] - Giulia Larigaldie","og_description":"\u00a0Interview en allemand avec exercice de traduction simultan\u00e9e \u00ab\u00a0pour de vrai\u00a0\u00bb pour les \u00e9tudiants de deuxi\u00e8me ann\u00e9e\u00a0: ils se sont d\u00e9brouill\u00e9s comme des chefs\u00a0! Nous avons \u00e9voqu\u00e9 mon profil atypique, mes d\u00e9buts en \u00e9criture, le parcours du combattant jusqu\u2019\u00e0 la publication de mon premier roman \u00ab\u00a0Et la vie reprit \u00e0 petites foul\u00e9es\u00a0\u00bb, le second roman \u00ab\u00a0Les Confidences de Shalamar\u00a0\u00bb et les projets pour la suite. Nous avons tous pass\u00e9 un excellent moment. Quel plaisir de voir de jeunes Allemands passionn\u00e9s par les mots et la langue fran\u00e7aise\u00a0!","og_url":"https:\/\/www.giulia-larigaldie.com\/de\/nouvelle-rencontre-a-luniversite-de-traduction-et-dinterpretariat-derlangen-en-allemagne\/","og_site_name":"Giulia Larigaldie","article_published_time":"2023-07-10T16:04:00+00:00","article_modified_time":"2023-07-26T16:10:18+00:00","og_image":[{"width":1512,"height":1512,"url":"https:\/\/www.giulia-larigaldie.com\/wp-content\/uploads\/2023\/07\/Elvrapf-IFA-Erlangen-rencontre.jpg","type":"image\/jpeg"}],"author":"Giulia Larigaldie","twitter_card":"summary_large_image","twitter_misc":{"Verfasst von":"Giulia Larigaldie","Gesch\u00e4tzte Lesezeit":"1\u00a0Minute"},"schema":{"@context":"https:\/\/schema.org","@graph":[{"@type":"Article","@id":"https:\/\/www.giulia-larigaldie.com\/nouvelle-rencontre-a-luniversite-de-traduction-et-dinterpretariat-derlangen-en-allemagne\/#article","isPartOf":{"@id":"https:\/\/www.giulia-larigaldie.com\/nouvelle-rencontre-a-luniversite-de-traduction-et-dinterpretariat-derlangen-en-allemagne\/"},"author":{"name":"Giulia Larigaldie","@id":"https:\/\/www.giulia-larigaldie.com\/#\/schema\/person\/7ea8f5903d7a93eb0545f285f871b58b"},"headline":"Nouvelle rencontre \u00e0 l\u2019universit\u00e9 de traduction et d\u2019interpr\u00e9tariat d\u2019Erlangen en Allemagne.","datePublished":"2023-07-10T16:04:00+00:00","dateModified":"2023-07-26T16:10:18+00:00","mainEntityOfPage":{"@id":"https:\/\/www.giulia-larigaldie.com\/nouvelle-rencontre-a-luniversite-de-traduction-et-dinterpretariat-derlangen-en-allemagne\/"},"wordCount":111,"commentCount":0,"publisher":{"@id":"https:\/\/www.giulia-larigaldie.com\/#organization"},"image":{"@id":"https:\/\/www.giulia-larigaldie.com\/nouvelle-rencontre-a-luniversite-de-traduction-et-dinterpretariat-derlangen-en-allemagne\/#primaryimage"},"thumbnailUrl":"https:\/\/www.giulia-larigaldie.com\/wp-content\/uploads\/2023\/07\/Elvrapf-IFA-Erlangen-rencontre.jpg","articleSection":["\u00c9criture","News","Roman","Roman","\u00c9CRITURE"],"inLanguage":"de-DE","potentialAction":[{"@type":"CommentAction","name":"Comment","target":["https:\/\/www.giulia-larigaldie.com\/nouvelle-rencontre-a-luniversite-de-traduction-et-dinterpretariat-derlangen-en-allemagne\/#respond"]}]},{"@type":"WebPage","@id":"https:\/\/www.giulia-larigaldie.com\/nouvelle-rencontre-a-luniversite-de-traduction-et-dinterpretariat-derlangen-en-allemagne\/","url":"https:\/\/www.giulia-larigaldie.com\/nouvelle-rencontre-a-luniversite-de-traduction-et-dinterpretariat-derlangen-en-allemagne\/","name":"Nouvelle rencontre \u00e0 l\u2019universit\u00e9 de traduction et d\u2019interpr\u00e9tariat d\u2019Erlangen en Allemagne.","isPartOf":{"@id":"https:\/\/www.giulia-larigaldie.com\/#website"},"primaryImageOfPage":{"@id":"https:\/\/www.giulia-larigaldie.com\/nouvelle-rencontre-a-luniversite-de-traduction-et-dinterpretariat-derlangen-en-allemagne\/#primaryimage"},"image":{"@id":"https:\/\/www.giulia-larigaldie.com\/nouvelle-rencontre-a-luniversite-de-traduction-et-dinterpretariat-derlangen-en-allemagne\/#primaryimage"},"thumbnailUrl":"https:\/\/www.giulia-larigaldie.com\/wp-content\/uploads\/2023\/07\/Elvrapf-IFA-Erlangen-rencontre.jpg","datePublished":"2023-07-10T16:04:00+00:00","dateModified":"2023-07-26T16:10:18+00:00","breadcrumb":{"@id":"https:\/\/www.giulia-larigaldie.com\/nouvelle-rencontre-a-luniversite-de-traduction-et-dinterpretariat-derlangen-en-allemagne\/#breadcrumb"},"inLanguage":"de-DE","potentialAction":[{"@type":"ReadAction","target":["https:\/\/www.giulia-larigaldie.com\/nouvelle-rencontre-a-luniversite-de-traduction-et-dinterpretariat-derlangen-en-allemagne\/"]}]},{"@type":"ImageObject","inLanguage":"de-DE","@id":"https:\/\/www.giulia-larigaldie.com\/nouvelle-rencontre-a-luniversite-de-traduction-et-dinterpretariat-derlangen-en-allemagne\/#primaryimage","url":"https:\/\/www.giulia-larigaldie.com\/wp-content\/uploads\/2023\/07\/Elvrapf-IFA-Erlangen-rencontre.jpg","contentUrl":"https:\/\/www.giulia-larigaldie.com\/wp-content\/uploads\/2023\/07\/Elvrapf-IFA-Erlangen-rencontre.jpg","width":1512,"height":1512},{"@type":"BreadcrumbList","@id":"https:\/\/www.giulia-larigaldie.com\/nouvelle-rencontre-a-luniversite-de-traduction-et-dinterpretariat-derlangen-en-allemagne\/#breadcrumb","itemListElement":[{"@type":"ListItem","position":1,"name":"Accueil","item":"https:\/\/www.giulia-larigaldie.com\/"},{"@type":"ListItem","position":2,"name":"Nouvelle rencontre \u00e0 l\u2019universit\u00e9 de traduction et d\u2019interpr\u00e9tariat d\u2019Erlangen en Allemagne."}]},{"@type":"WebSite","@id":"https:\/\/www.giulia-larigaldie.com\/#website","url":"https:\/\/www.giulia-larigaldie.com\/","name":"Giulia Larigaldie","description":"\u00c9criture & photographie","publisher":{"@id":"https:\/\/www.giulia-larigaldie.com\/#organization"},"potentialAction":[{"@type":"SearchAction","target":{"@type":"EntryPoint","urlTemplate":"https:\/\/www.giulia-larigaldie.com\/?s={search_term_string}"},"query-input":{"@type":"PropertyValueSpecification","valueRequired":true,"valueName":"search_term_string"}}],"inLanguage":"de-DE"},{"@type":"Organization","@id":"https:\/\/www.giulia-larigaldie.com\/#organization","name":"Giulia Larigaldie","url":"https:\/\/www.giulia-larigaldie.com\/","logo":{"@type":"ImageObject","inLanguage":"de-DE","@id":"https:\/\/www.giulia-larigaldie.com\/#\/schema\/logo\/image\/","url":"https:\/\/www.giulia-larigaldie.com\/wp-content\/uploads\/2020\/01\/cropped-logo-tres-petit-1.png","contentUrl":"https:\/\/www.giulia-larigaldie.com\/wp-content\/uploads\/2020\/01\/cropped-logo-tres-petit-1.png","width":485,"height":216,"caption":"Giulia Larigaldie"},"image":{"@id":"https:\/\/www.giulia-larigaldie.com\/#\/schema\/logo\/image\/"}},{"@type":"Person","@id":"https:\/\/www.giulia-larigaldie.com\/#\/schema\/person\/7ea8f5903d7a93eb0545f285f871b58b","name":"Giulia Larigaldie","image":{"@type":"ImageObject","inLanguage":"de-DE","@id":"https:\/\/www.giulia-larigaldie.com\/#\/schema\/person\/image\/","url":"https:\/\/secure.gravatar.com\/avatar\/1206d94e433482003e0c67627b1aea00af0c184ff4d600f0dbc5a61558e91de7?s=96&d=mm&r=g","contentUrl":"https:\/\/secure.gravatar.com\/avatar\/1206d94e433482003e0c67627b1aea00af0c184ff4d600f0dbc5a61558e91de7?s=96&d=mm&r=g","caption":"Giulia Larigaldie"},"sameAs":["http:\/\/www.giulia-larigaldie.com"],"url":"https:\/\/www.giulia-larigaldie.com\/de\/author\/giulia\/"}]}},"uagb_featured_image_src":{"full":["https:\/\/www.giulia-larigaldie.com\/wp-content\/uploads\/2023\/07\/Elvrapf-IFA-Erlangen-rencontre.jpg",1512,1512,false],"thumbnail":["https:\/\/www.giulia-larigaldie.com\/wp-content\/uploads\/2023\/07\/Elvrapf-IFA-Erlangen-rencontre-150x150.jpg",150,150,true],"medium":["https:\/\/www.giulia-larigaldie.com\/wp-content\/uploads\/2023\/07\/Elvrapf-IFA-Erlangen-rencontre-300x300.jpg",300,300,true],"medium_large":["https:\/\/www.giulia-larigaldie.com\/wp-content\/uploads\/2023\/07\/Elvrapf-IFA-Erlangen-rencontre-768x768.jpg",768,768,true],"large":["https:\/\/www.giulia-larigaldie.com\/wp-content\/uploads\/2023\/07\/Elvrapf-IFA-Erlangen-rencontre-1024x1024.jpg",960,960,true],"1536x1536":["https:\/\/www.giulia-larigaldie.com\/wp-content\/uploads\/2023\/07\/Elvrapf-IFA-Erlangen-rencontre.jpg",1512,1512,false],"2048x2048":["https:\/\/www.giulia-larigaldie.com\/wp-content\/uploads\/2023\/07\/Elvrapf-IFA-Erlangen-rencontre.jpg",1512,1512,false],"bard-slider-grid-thumbnail":["https:\/\/www.giulia-larigaldie.com\/wp-content\/uploads\/2023\/07\/Elvrapf-IFA-Erlangen-rencontre-1160x590.jpg",1160,590,true],"bard-full-thumbnail":["https:\/\/www.giulia-larigaldie.com\/wp-content\/uploads\/2023\/07\/Elvrapf-IFA-Erlangen-rencontre-1000x1000.jpg",1000,1000,true],"bard-grid-thumbnail":["https:\/\/www.giulia-larigaldie.com\/wp-content\/uploads\/2023\/07\/Elvrapf-IFA-Erlangen-rencontre-500x380.jpg",500,380,true],"bard-list-thumbnail":["https:\/\/www.giulia-larigaldie.com\/wp-content\/uploads\/2023\/07\/Elvrapf-IFA-Erlangen-rencontre-300x300.jpg",300,300,true],"bard-single-navigation":["https:\/\/www.giulia-larigaldie.com\/wp-content\/uploads\/2023\/07\/Elvrapf-IFA-Erlangen-rencontre-75x75.jpg",75,75,true]},"uagb_author_info":{"display_name":"Giulia Larigaldie","author_link":"https:\/\/www.giulia-larigaldie.com\/de\/author\/giulia\/"},"uagb_comment_info":0,"uagb_excerpt":"\u00a0Interview en allemand avec exercice de traduction simultan\u00e9e \u00ab\u00a0pour de vrai\u00a0\u00bb pour les \u00e9tudiants de deuxi\u00e8me ann\u00e9e\u00a0: ils se sont d\u00e9brouill\u00e9s comme des chefs\u00a0! Nous avons \u00e9voqu\u00e9 mon profil atypique, mes d\u00e9buts en \u00e9criture, le parcours du combattant jusqu\u2019\u00e0 la publication de mon premier roman \u00ab\u00a0Et la vie reprit \u00e0 petites foul\u00e9es\u00a0\u00bb, le second roman&hellip;","acf":[],"_links":{"self":[{"href":"https:\/\/www.giulia-larigaldie.com\/de\/wp-json\/wp\/v2\/posts\/2859","targetHints":{"allow":["GET"]}}],"collection":[{"href":"https:\/\/www.giulia-larigaldie.com\/de\/wp-json\/wp\/v2\/posts"}],"about":[{"href":"https:\/\/www.giulia-larigaldie.com\/de\/wp-json\/wp\/v2\/types\/post"}],"author":[{"embeddable":true,"href":"https:\/\/www.giulia-larigaldie.com\/de\/wp-json\/wp\/v2\/users\/2"}],"replies":[{"embeddable":true,"href":"https:\/\/www.giulia-larigaldie.com\/de\/wp-json\/wp\/v2\/comments?post=2859"}],"version-history":[{"count":2,"href":"https:\/\/www.giulia-larigaldie.com\/de\/wp-json\/wp\/v2\/posts\/2859\/revisions"}],"predecessor-version":[{"id":2862,"href":"https:\/\/www.giulia-larigaldie.com\/de\/wp-json\/wp\/v2\/posts\/2859\/revisions\/2862"}],"wp:featuredmedia":[{"embeddable":true,"href":"https:\/\/www.giulia-larigaldie.com\/de\/wp-json\/wp\/v2\/media\/2860"}],"wp:attachment":[{"href":"https:\/\/www.giulia-larigaldie.com\/de\/wp-json\/wp\/v2\/media?parent=2859"}],"wp:term":[{"taxonomy":"category","embeddable":true,"href":"https:\/\/www.giulia-larigaldie.com\/de\/wp-json\/wp\/v2\/categories?post=2859"},{"taxonomy":"post_tag","embeddable":true,"href":"https:\/\/www.giulia-larigaldie.com\/de\/wp-json\/wp\/v2\/tags?post=2859"}],"curies":[{"name":"wp","href":"https:\/\/api.w.org\/{rel}","templated":true}]}}