{"id":3205,"date":"2024-11-13T16:48:00","date_gmt":"2024-11-13T15:48:00","guid":{"rendered":"https:\/\/www.giulia-larigaldie.com\/?p=3205"},"modified":"2025-08-19T16:52:06","modified_gmt":"2025-08-19T14:52:06","slug":"d","status":"publish","type":"post","link":"https:\/\/www.giulia-larigaldie.com\/de\/d\/","title":{"rendered":"Vie de biographe"},"content":{"rendered":"\n<p>\ud83e\udd41&nbsp;Je vais bient\u00f4t dire au revoir aux personnages de mon dernier livre.<\/p>\n\n\n\n<p>\ud83d\udd0e&nbsp;Je ne parle pas de mon troisi\u00e8me roman. Non, je pense aux personnages de la derni\u00e8re biographie multim\u00e9dia sur laquelle je travaille depuis plus d\u2019un an.<\/p>\n\n\n\n<p>\ud83d\udd25&nbsp;Le r\u00e9cit incroyable de la vie d\u2019une femme n\u00e9e en 1886 fait par sa petite-fille accompagn\u00e9e de ses deux enfants. Une histoire d\u2019amour, de fiert\u00e9, de transmission. Une histoire de famille. Pour que la voix d\u2019Oth\u00e9lie ne s\u2019\u00e9teigne pas et continue de briller, m\u00eame 100&nbsp;ans plus tard.<\/p>\n\n\n\n<p>\ud83e\udde8&nbsp;On y parle de colporteurs, de traite des blanches, de passage du col du Grand-Saint-Bernard \u00e0 10&nbsp;ans, des guerres, de la pand\u00e9mie de grippe espagnole, du Front Populaire\u2026<\/p>\n\n\n\n<p>\ud83c\udf88&nbsp;Cette femme d\u00e9c\u00e9d\u00e9e depuis 45&nbsp;ans m\u2019a accompagn\u00e9e, habit\u00e9e&nbsp;; elle s\u2019est r\u00e9v\u00e9l\u00e9e puis parfois elle s\u2019est d\u00e9rob\u00e9e&nbsp;; elle m\u2019a \u00e9mue puis m\u2019a faite rire. J\u2019ai aim\u00e9 sa gouaille, ses petites manies, ses petitesses et sa noblesse aussi. Comme n\u2019importe lequel des personnages de mes romans.<\/p>\n\n\n\n<p>\ud83d\udc93&nbsp;Alors vous comprenez, je suis partag\u00e9e entre diff\u00e9rentes \u00e9motions contradictoires&nbsp;: le soulagement (un projet long et complexe bien termin\u00e9), le manque et la nostalgie anticip\u00e9s, la fiert\u00e9 d\u2019avoir ajout\u00e9 au compteur un nouveau livre. Mais surtout, ce sentiment d\u2019\u00eatre privil\u00e9gi\u00e9e car ces humanit\u00e9s c\u00f4toy\u00e9es m\u2019ont enrichie et je mesure la gr\u00e2ce de faire un m\u00e9tier qui me passionne et me nourrit, qui est charg\u00e9 de sens et en accord avec mes valeurs.<\/p>\n\n\n\n<p>\ud83d\udc49&nbsp;Et vous, que ressentez-vous \u00e0 la fin d\u2019un projet ?<\/p>\n","protected":false},"excerpt":{"rendered":"<p>\ud83e\udd41&nbsp;Je vais bient\u00f4t dire au revoir aux personnages de mon dernier livre. \ud83d\udd0e&nbsp;Je ne parle pas de mon troisi\u00e8me roman. Non, je pense aux personnages de la derni\u00e8re biographie multim\u00e9dia sur laquelle je travaille depuis plus d\u2019un an. \ud83d\udd25&nbsp;Le r\u00e9cit incroyable de la vie d\u2019une femme n\u00e9e en 1886 fait par sa petite-fille accompagn\u00e9e de ses deux enfants. Une histoire d\u2019amour, de fiert\u00e9, de transmission. Une histoire de famille. Pour que la voix d\u2019Oth\u00e9lie ne s\u2019\u00e9teigne pas et continue de briller, m\u00eame 100&nbsp;ans plus tard. \ud83e\udde8&nbsp;On y parle de colporteurs, de traite des blanches, de passage du col du Grand-Saint-Bernard \u00e0 10&nbsp;ans, des guerres, de la pand\u00e9mie de grippe espagnole, du Front Populaire\u2026 \ud83c\udf88&nbsp;Cette femme d\u00e9c\u00e9d\u00e9e depuis 45&nbsp;ans m\u2019a accompagn\u00e9e, habit\u00e9e&nbsp;; elle s\u2019est r\u00e9v\u00e9l\u00e9e puis parfois elle s\u2019est d\u00e9rob\u00e9e&nbsp;; elle m\u2019a \u00e9mue puis m\u2019a faite rire. J\u2019ai aim\u00e9 sa gouaille, ses petites manies, ses petitesses et sa noblesse aussi. Comme n\u2019importe lequel des personnages de mes romans. \ud83d\udc93&nbsp;Alors vous comprenez, je suis partag\u00e9e entre diff\u00e9rentes \u00e9motions contradictoires&nbsp;: le soulagement (un projet long et complexe bien termin\u00e9), le manque et la nostalgie anticip\u00e9s, la fiert\u00e9 d\u2019avoir ajout\u00e9 au compteur un nouveau livre. Mais surtout, ce sentiment d\u2019\u00eatre privil\u00e9gi\u00e9e car ces humanit\u00e9s c\u00f4toy\u00e9es m\u2019ont enrichie et je mesure la gr\u00e2ce de faire un m\u00e9tier qui me passionne et me nourrit, qui est charg\u00e9 de sens et en accord avec mes valeurs. \ud83d\udc49&nbsp;Et vous, que ressentez-vous \u00e0 la fin d\u2019un projet ?<\/p>\n","protected":false},"author":2,"featured_media":3206,"comment_status":"open","ping_status":"open","sticky":false,"template":"","format":"standard","meta":{"_uag_custom_page_level_css":"","footnotes":""},"categories":[52,70,66,1],"tags":[42,83,55,48,53,56],"class_list":["post-3205","post","type-post","status-publish","format-standard","has-post-thumbnail","hentry","category-livre-memoire","category-livre-memoire-news","category-news","category-ecriture","tag-auteur","tag-biographe","tag-biographie","tag-ecrivain","tag-livre-memoire","tag-transmission"],"yoast_head":"<!-- This site is optimized with the Yoast SEO plugin v25.7 - https:\/\/yoast.com\/wordpress\/plugins\/seo\/ -->\n<title>Vie de biographe<\/title>\n<meta name=\"robots\" content=\"index, follow, max-snippet:-1, max-image-preview:large, max-video-preview:-1\" \/>\n<link rel=\"canonical\" href=\"https:\/\/www.giulia-larigaldie.com\/de\/d\/\" \/>\n<meta property=\"og:locale\" content=\"de_DE\" \/>\n<meta property=\"og:locale:alternate\" content=\"fr_FR\" \/>\n<meta property=\"og:locale:alternate\" content=\"en_GB\" \/>\n<meta property=\"og:type\" content=\"article\" \/>\n<meta property=\"og:title\" content=\"Vie de biographe\" \/>\n<meta property=\"og:description\" content=\"\ud83e\udd41&nbsp;Je vais bient\u00f4t dire au revoir aux personnages de mon dernier livre. \ud83d\udd0e&nbsp;Je ne parle pas de mon troisi\u00e8me roman. Non, je pense aux personnages de la derni\u00e8re biographie multim\u00e9dia sur laquelle je travaille depuis plus d\u2019un an. \ud83d\udd25&nbsp;Le r\u00e9cit incroyable de la vie d\u2019une femme n\u00e9e en 1886 fait par sa petite-fille accompagn\u00e9e de ses deux enfants. Une histoire d\u2019amour, de fiert\u00e9, de transmission. Une histoire de famille. Pour que la voix d\u2019Oth\u00e9lie ne s\u2019\u00e9teigne pas et continue de briller, m\u00eame 100&nbsp;ans plus tard. \ud83e\udde8&nbsp;On y parle de colporteurs, de traite des blanches, de passage du col du Grand-Saint-Bernard \u00e0 10&nbsp;ans, des guerres, de la pand\u00e9mie de grippe espagnole, du Front Populaire\u2026 \ud83c\udf88&nbsp;Cette femme d\u00e9c\u00e9d\u00e9e depuis 45&nbsp;ans m\u2019a accompagn\u00e9e, habit\u00e9e&nbsp;; elle s\u2019est r\u00e9v\u00e9l\u00e9e puis parfois elle s\u2019est d\u00e9rob\u00e9e&nbsp;; elle m\u2019a \u00e9mue puis m\u2019a faite rire. J\u2019ai aim\u00e9 sa gouaille, ses petites manies, ses petitesses et sa noblesse aussi. Comme n\u2019importe lequel des personnages de mes romans. \ud83d\udc93&nbsp;Alors vous comprenez, je suis partag\u00e9e entre diff\u00e9rentes \u00e9motions contradictoires&nbsp;: le soulagement (un projet long et complexe bien termin\u00e9), le manque et la nostalgie anticip\u00e9s, la fiert\u00e9 d\u2019avoir ajout\u00e9 au compteur un nouveau livre. Mais surtout, ce sentiment d\u2019\u00eatre privil\u00e9gi\u00e9e car ces humanit\u00e9s c\u00f4toy\u00e9es m\u2019ont enrichie et je mesure la gr\u00e2ce de faire un m\u00e9tier qui me passionne et me nourrit, qui est charg\u00e9 de sens et en accord avec mes valeurs. \ud83d\udc49&nbsp;Et vous, que ressentez-vous \u00e0 la fin d\u2019un projet ?\" \/>\n<meta property=\"og:url\" content=\"https:\/\/www.giulia-larigaldie.com\/de\/d\/\" \/>\n<meta property=\"og:site_name\" content=\"Giulia Larigaldie\" \/>\n<meta property=\"article:published_time\" content=\"2024-11-13T15:48:00+00:00\" \/>\n<meta property=\"article:modified_time\" content=\"2025-08-19T14:52:06+00:00\" \/>\n<meta name=\"author\" content=\"Giulia Larigaldie\" \/>\n<meta name=\"twitter:card\" content=\"summary_large_image\" \/>\n<meta name=\"twitter:label1\" content=\"Verfasst von\" \/>\n\t<meta name=\"twitter:data1\" content=\"Giulia Larigaldie\" \/>\n\t<meta name=\"twitter:label2\" content=\"Gesch\u00e4tzte Lesezeit\" \/>\n\t<meta name=\"twitter:data2\" content=\"2\u00a0Minuten\" \/>\n<script type=\"application\/ld+json\" class=\"yoast-schema-graph\">{\"@context\":\"https:\/\/schema.org\",\"@graph\":[{\"@type\":\"Article\",\"@id\":\"https:\/\/www.giulia-larigaldie.com\/d\/#article\",\"isPartOf\":{\"@id\":\"https:\/\/www.giulia-larigaldie.com\/d\/\"},\"author\":{\"name\":\"Giulia Larigaldie\",\"@id\":\"https:\/\/www.giulia-larigaldie.com\/#\/schema\/person\/7ea8f5903d7a93eb0545f285f871b58b\"},\"headline\":\"Vie de biographe\",\"datePublished\":\"2024-11-13T15:48:00+00:00\",\"dateModified\":\"2025-08-19T14:52:06+00:00\",\"mainEntityOfPage\":{\"@id\":\"https:\/\/www.giulia-larigaldie.com\/d\/\"},\"wordCount\":299,\"commentCount\":0,\"publisher\":{\"@id\":\"https:\/\/www.giulia-larigaldie.com\/#organization\"},\"image\":{\"@id\":\"https:\/\/www.giulia-larigaldie.com\/d\/#primaryimage\"},\"thumbnailUrl\":\"https:\/\/www.giulia-larigaldie.com\/wp-content\/uploads\/2025\/08\/IMG_E3233-scaled.jpg\",\"keywords\":[\"Auteur\",\"biographe\",\"Biographie\",\"\u00c9crivain\",\"Livre-M\u00e9moire\",\"Transmission\"],\"articleSection\":[\"Livre-M\u00e9moire\",\"Livre-M\u00e9moire\",\"News\",\"\u00c9CRITURE\"],\"inLanguage\":\"de-DE\",\"potentialAction\":[{\"@type\":\"CommentAction\",\"name\":\"Comment\",\"target\":[\"https:\/\/www.giulia-larigaldie.com\/d\/#respond\"]}]},{\"@type\":\"WebPage\",\"@id\":\"https:\/\/www.giulia-larigaldie.com\/d\/\",\"url\":\"https:\/\/www.giulia-larigaldie.com\/d\/\",\"name\":\"Vie de biographe\",\"isPartOf\":{\"@id\":\"https:\/\/www.giulia-larigaldie.com\/#website\"},\"primaryImageOfPage\":{\"@id\":\"https:\/\/www.giulia-larigaldie.com\/d\/#primaryimage\"},\"image\":{\"@id\":\"https:\/\/www.giulia-larigaldie.com\/d\/#primaryimage\"},\"thumbnailUrl\":\"https:\/\/www.giulia-larigaldie.com\/wp-content\/uploads\/2025\/08\/IMG_E3233-scaled.jpg\",\"datePublished\":\"2024-11-13T15:48:00+00:00\",\"dateModified\":\"2025-08-19T14:52:06+00:00\",\"breadcrumb\":{\"@id\":\"https:\/\/www.giulia-larigaldie.com\/d\/#breadcrumb\"},\"inLanguage\":\"de-DE\",\"potentialAction\":[{\"@type\":\"ReadAction\",\"target\":[\"https:\/\/www.giulia-larigaldie.com\/d\/\"]}]},{\"@type\":\"ImageObject\",\"inLanguage\":\"de-DE\",\"@id\":\"https:\/\/www.giulia-larigaldie.com\/d\/#primaryimage\",\"url\":\"https:\/\/www.giulia-larigaldie.com\/wp-content\/uploads\/2025\/08\/IMG_E3233-scaled.jpg\",\"contentUrl\":\"https:\/\/www.giulia-larigaldie.com\/wp-content\/uploads\/2025\/08\/IMG_E3233-scaled.jpg\",\"width\":2560,\"height\":1920},{\"@type\":\"BreadcrumbList\",\"@id\":\"https:\/\/www.giulia-larigaldie.com\/d\/#breadcrumb\",\"itemListElement\":[{\"@type\":\"ListItem\",\"position\":1,\"name\":\"Accueil\",\"item\":\"https:\/\/www.giulia-larigaldie.com\/\"},{\"@type\":\"ListItem\",\"position\":2,\"name\":\"Vie de biographe\"}]},{\"@type\":\"WebSite\",\"@id\":\"https:\/\/www.giulia-larigaldie.com\/#website\",\"url\":\"https:\/\/www.giulia-larigaldie.com\/\",\"name\":\"Giulia Larigaldie\",\"description\":\"\u00c9criture & photographie\",\"publisher\":{\"@id\":\"https:\/\/www.giulia-larigaldie.com\/#organization\"},\"potentialAction\":[{\"@type\":\"SearchAction\",\"target\":{\"@type\":\"EntryPoint\",\"urlTemplate\":\"https:\/\/www.giulia-larigaldie.com\/?s={search_term_string}\"},\"query-input\":{\"@type\":\"PropertyValueSpecification\",\"valueRequired\":true,\"valueName\":\"search_term_string\"}}],\"inLanguage\":\"de-DE\"},{\"@type\":\"Organization\",\"@id\":\"https:\/\/www.giulia-larigaldie.com\/#organization\",\"name\":\"Giulia Larigaldie\",\"url\":\"https:\/\/www.giulia-larigaldie.com\/\",\"logo\":{\"@type\":\"ImageObject\",\"inLanguage\":\"de-DE\",\"@id\":\"https:\/\/www.giulia-larigaldie.com\/#\/schema\/logo\/image\/\",\"url\":\"https:\/\/www.giulia-larigaldie.com\/wp-content\/uploads\/2020\/01\/cropped-logo-tres-petit-1.png\",\"contentUrl\":\"https:\/\/www.giulia-larigaldie.com\/wp-content\/uploads\/2020\/01\/cropped-logo-tres-petit-1.png\",\"width\":485,\"height\":216,\"caption\":\"Giulia Larigaldie\"},\"image\":{\"@id\":\"https:\/\/www.giulia-larigaldie.com\/#\/schema\/logo\/image\/\"}},{\"@type\":\"Person\",\"@id\":\"https:\/\/www.giulia-larigaldie.com\/#\/schema\/person\/7ea8f5903d7a93eb0545f285f871b58b\",\"name\":\"Giulia Larigaldie\",\"image\":{\"@type\":\"ImageObject\",\"inLanguage\":\"de-DE\",\"@id\":\"https:\/\/www.giulia-larigaldie.com\/#\/schema\/person\/image\/\",\"url\":\"https:\/\/secure.gravatar.com\/avatar\/1206d94e433482003e0c67627b1aea00af0c184ff4d600f0dbc5a61558e91de7?s=96&d=mm&r=g\",\"contentUrl\":\"https:\/\/secure.gravatar.com\/avatar\/1206d94e433482003e0c67627b1aea00af0c184ff4d600f0dbc5a61558e91de7?s=96&d=mm&r=g\",\"caption\":\"Giulia Larigaldie\"},\"sameAs\":[\"http:\/\/www.giulia-larigaldie.com\"],\"url\":\"https:\/\/www.giulia-larigaldie.com\/de\/author\/giulia\/\"}]}<\/script>\n<!-- \/ Yoast SEO plugin. -->","yoast_head_json":{"title":"Vie de biographe","robots":{"index":"index","follow":"follow","max-snippet":"max-snippet:-1","max-image-preview":"max-image-preview:large","max-video-preview":"max-video-preview:-1"},"canonical":"https:\/\/www.giulia-larigaldie.com\/de\/d\/","og_locale":"de_DE","og_type":"article","og_title":"[:fr]Vie de biographe[:] - Giulia Larigaldie","og_description":"\ud83e\udd41&nbsp;Je vais bient\u00f4t dire au revoir aux personnages de mon dernier livre. \ud83d\udd0e&nbsp;Je ne parle pas de mon troisi\u00e8me roman. Non, je pense aux personnages de la derni\u00e8re biographie multim\u00e9dia sur laquelle je travaille depuis plus d\u2019un an. \ud83d\udd25&nbsp;Le r\u00e9cit incroyable de la vie d\u2019une femme n\u00e9e en 1886 fait par sa petite-fille accompagn\u00e9e de ses deux enfants. Une histoire d\u2019amour, de fiert\u00e9, de transmission. Une histoire de famille. Pour que la voix d\u2019Oth\u00e9lie ne s\u2019\u00e9teigne pas et continue de briller, m\u00eame 100&nbsp;ans plus tard. \ud83e\udde8&nbsp;On y parle de colporteurs, de traite des blanches, de passage du col du Grand-Saint-Bernard \u00e0 10&nbsp;ans, des guerres, de la pand\u00e9mie de grippe espagnole, du Front Populaire\u2026 \ud83c\udf88&nbsp;Cette femme d\u00e9c\u00e9d\u00e9e depuis 45&nbsp;ans m\u2019a accompagn\u00e9e, habit\u00e9e&nbsp;; elle s\u2019est r\u00e9v\u00e9l\u00e9e puis parfois elle s\u2019est d\u00e9rob\u00e9e&nbsp;; elle m\u2019a \u00e9mue puis m\u2019a faite rire. J\u2019ai aim\u00e9 sa gouaille, ses petites manies, ses petitesses et sa noblesse aussi. Comme n\u2019importe lequel des personnages de mes romans. \ud83d\udc93&nbsp;Alors vous comprenez, je suis partag\u00e9e entre diff\u00e9rentes \u00e9motions contradictoires&nbsp;: le soulagement (un projet long et complexe bien termin\u00e9), le manque et la nostalgie anticip\u00e9s, la fiert\u00e9 d\u2019avoir ajout\u00e9 au compteur un nouveau livre. Mais surtout, ce sentiment d\u2019\u00eatre privil\u00e9gi\u00e9e car ces humanit\u00e9s c\u00f4toy\u00e9es m\u2019ont enrichie et je mesure la gr\u00e2ce de faire un m\u00e9tier qui me passionne et me nourrit, qui est charg\u00e9 de sens et en accord avec mes valeurs. \ud83d\udc49&nbsp;Et vous, que ressentez-vous \u00e0 la fin d\u2019un projet ?","og_url":"https:\/\/www.giulia-larigaldie.com\/de\/d\/","og_site_name":"Giulia Larigaldie","article_published_time":"2024-11-13T15:48:00+00:00","article_modified_time":"2025-08-19T14:52:06+00:00","author":"Giulia Larigaldie","twitter_card":"summary_large_image","twitter_misc":{"Verfasst von":"Giulia Larigaldie","Gesch\u00e4tzte Lesezeit":"2\u00a0Minuten"},"schema":{"@context":"https:\/\/schema.org","@graph":[{"@type":"Article","@id":"https:\/\/www.giulia-larigaldie.com\/d\/#article","isPartOf":{"@id":"https:\/\/www.giulia-larigaldie.com\/d\/"},"author":{"name":"Giulia Larigaldie","@id":"https:\/\/www.giulia-larigaldie.com\/#\/schema\/person\/7ea8f5903d7a93eb0545f285f871b58b"},"headline":"Vie de biographe","datePublished":"2024-11-13T15:48:00+00:00","dateModified":"2025-08-19T14:52:06+00:00","mainEntityOfPage":{"@id":"https:\/\/www.giulia-larigaldie.com\/d\/"},"wordCount":299,"commentCount":0,"publisher":{"@id":"https:\/\/www.giulia-larigaldie.com\/#organization"},"image":{"@id":"https:\/\/www.giulia-larigaldie.com\/d\/#primaryimage"},"thumbnailUrl":"https:\/\/www.giulia-larigaldie.com\/wp-content\/uploads\/2025\/08\/IMG_E3233-scaled.jpg","keywords":["Auteur","biographe","Biographie","\u00c9crivain","Livre-M\u00e9moire","Transmission"],"articleSection":["Livre-M\u00e9moire","Livre-M\u00e9moire","News","\u00c9CRITURE"],"inLanguage":"de-DE","potentialAction":[{"@type":"CommentAction","name":"Comment","target":["https:\/\/www.giulia-larigaldie.com\/d\/#respond"]}]},{"@type":"WebPage","@id":"https:\/\/www.giulia-larigaldie.com\/d\/","url":"https:\/\/www.giulia-larigaldie.com\/d\/","name":"Vie de biographe","isPartOf":{"@id":"https:\/\/www.giulia-larigaldie.com\/#website"},"primaryImageOfPage":{"@id":"https:\/\/www.giulia-larigaldie.com\/d\/#primaryimage"},"image":{"@id":"https:\/\/www.giulia-larigaldie.com\/d\/#primaryimage"},"thumbnailUrl":"https:\/\/www.giulia-larigaldie.com\/wp-content\/uploads\/2025\/08\/IMG_E3233-scaled.jpg","datePublished":"2024-11-13T15:48:00+00:00","dateModified":"2025-08-19T14:52:06+00:00","breadcrumb":{"@id":"https:\/\/www.giulia-larigaldie.com\/d\/#breadcrumb"},"inLanguage":"de-DE","potentialAction":[{"@type":"ReadAction","target":["https:\/\/www.giulia-larigaldie.com\/d\/"]}]},{"@type":"ImageObject","inLanguage":"de-DE","@id":"https:\/\/www.giulia-larigaldie.com\/d\/#primaryimage","url":"https:\/\/www.giulia-larigaldie.com\/wp-content\/uploads\/2025\/08\/IMG_E3233-scaled.jpg","contentUrl":"https:\/\/www.giulia-larigaldie.com\/wp-content\/uploads\/2025\/08\/IMG_E3233-scaled.jpg","width":2560,"height":1920},{"@type":"BreadcrumbList","@id":"https:\/\/www.giulia-larigaldie.com\/d\/#breadcrumb","itemListElement":[{"@type":"ListItem","position":1,"name":"Accueil","item":"https:\/\/www.giulia-larigaldie.com\/"},{"@type":"ListItem","position":2,"name":"Vie de biographe"}]},{"@type":"WebSite","@id":"https:\/\/www.giulia-larigaldie.com\/#website","url":"https:\/\/www.giulia-larigaldie.com\/","name":"Giulia Larigaldie","description":"\u00c9criture & photographie","publisher":{"@id":"https:\/\/www.giulia-larigaldie.com\/#organization"},"potentialAction":[{"@type":"SearchAction","target":{"@type":"EntryPoint","urlTemplate":"https:\/\/www.giulia-larigaldie.com\/?s={search_term_string}"},"query-input":{"@type":"PropertyValueSpecification","valueRequired":true,"valueName":"search_term_string"}}],"inLanguage":"de-DE"},{"@type":"Organization","@id":"https:\/\/www.giulia-larigaldie.com\/#organization","name":"Giulia Larigaldie","url":"https:\/\/www.giulia-larigaldie.com\/","logo":{"@type":"ImageObject","inLanguage":"de-DE","@id":"https:\/\/www.giulia-larigaldie.com\/#\/schema\/logo\/image\/","url":"https:\/\/www.giulia-larigaldie.com\/wp-content\/uploads\/2020\/01\/cropped-logo-tres-petit-1.png","contentUrl":"https:\/\/www.giulia-larigaldie.com\/wp-content\/uploads\/2020\/01\/cropped-logo-tres-petit-1.png","width":485,"height":216,"caption":"Giulia Larigaldie"},"image":{"@id":"https:\/\/www.giulia-larigaldie.com\/#\/schema\/logo\/image\/"}},{"@type":"Person","@id":"https:\/\/www.giulia-larigaldie.com\/#\/schema\/person\/7ea8f5903d7a93eb0545f285f871b58b","name":"Giulia Larigaldie","image":{"@type":"ImageObject","inLanguage":"de-DE","@id":"https:\/\/www.giulia-larigaldie.com\/#\/schema\/person\/image\/","url":"https:\/\/secure.gravatar.com\/avatar\/1206d94e433482003e0c67627b1aea00af0c184ff4d600f0dbc5a61558e91de7?s=96&d=mm&r=g","contentUrl":"https:\/\/secure.gravatar.com\/avatar\/1206d94e433482003e0c67627b1aea00af0c184ff4d600f0dbc5a61558e91de7?s=96&d=mm&r=g","caption":"Giulia Larigaldie"},"sameAs":["http:\/\/www.giulia-larigaldie.com"],"url":"https:\/\/www.giulia-larigaldie.com\/de\/author\/giulia\/"}]}},"uagb_featured_image_src":{"full":["https:\/\/www.giulia-larigaldie.com\/wp-content\/uploads\/2025\/08\/IMG_E3233-scaled.jpg",2560,1920,false],"thumbnail":["https:\/\/www.giulia-larigaldie.com\/wp-content\/uploads\/2025\/08\/IMG_E3233-150x150.jpg",150,150,true],"medium":["https:\/\/www.giulia-larigaldie.com\/wp-content\/uploads\/2025\/08\/IMG_E3233-300x225.jpg",300,225,true],"medium_large":["https:\/\/www.giulia-larigaldie.com\/wp-content\/uploads\/2025\/08\/IMG_E3233-768x576.jpg",768,576,true],"large":["https:\/\/www.giulia-larigaldie.com\/wp-content\/uploads\/2025\/08\/IMG_E3233-1024x768.jpg",960,720,true],"1536x1536":["https:\/\/www.giulia-larigaldie.com\/wp-content\/uploads\/2025\/08\/IMG_E3233-1536x1152.jpg",1536,1152,true],"2048x2048":["https:\/\/www.giulia-larigaldie.com\/wp-content\/uploads\/2025\/08\/IMG_E3233-2048x1536.jpg",2048,1536,true],"bard-slider-grid-thumbnail":["https:\/\/www.giulia-larigaldie.com\/wp-content\/uploads\/2025\/08\/IMG_E3233-1160x590.jpg",1160,590,true],"bard-full-thumbnail":["https:\/\/www.giulia-larigaldie.com\/wp-content\/uploads\/2025\/08\/IMG_E3233-1000x750.jpg",1000,750,true],"bard-grid-thumbnail":["https:\/\/www.giulia-larigaldie.com\/wp-content\/uploads\/2025\/08\/IMG_E3233-500x380.jpg",500,380,true],"bard-list-thumbnail":["https:\/\/www.giulia-larigaldie.com\/wp-content\/uploads\/2025\/08\/IMG_E3233-300x300.jpg",300,300,true],"bard-single-navigation":["https:\/\/www.giulia-larigaldie.com\/wp-content\/uploads\/2025\/08\/IMG_E3233-75x75.jpg",75,75,true]},"uagb_author_info":{"display_name":"Giulia Larigaldie","author_link":"https:\/\/www.giulia-larigaldie.com\/de\/author\/giulia\/"},"uagb_comment_info":0,"uagb_excerpt":"\ud83e\udd41&nbsp;Je vais bient\u00f4t dire au revoir aux personnages de mon dernier livre. \ud83d\udd0e&nbsp;Je ne parle pas de mon troisi\u00e8me roman. Non, je pense aux personnages de la derni\u00e8re biographie multim\u00e9dia sur laquelle je travaille depuis plus d\u2019un an. \ud83d\udd25&nbsp;Le r\u00e9cit incroyable de la vie d\u2019une femme n\u00e9e en 1886 fait par sa petite-fille accompagn\u00e9e de&hellip;","acf":[],"_links":{"self":[{"href":"https:\/\/www.giulia-larigaldie.com\/de\/wp-json\/wp\/v2\/posts\/3205","targetHints":{"allow":["GET"]}}],"collection":[{"href":"https:\/\/www.giulia-larigaldie.com\/de\/wp-json\/wp\/v2\/posts"}],"about":[{"href":"https:\/\/www.giulia-larigaldie.com\/de\/wp-json\/wp\/v2\/types\/post"}],"author":[{"embeddable":true,"href":"https:\/\/www.giulia-larigaldie.com\/de\/wp-json\/wp\/v2\/users\/2"}],"replies":[{"embeddable":true,"href":"https:\/\/www.giulia-larigaldie.com\/de\/wp-json\/wp\/v2\/comments?post=3205"}],"version-history":[{"count":2,"href":"https:\/\/www.giulia-larigaldie.com\/de\/wp-json\/wp\/v2\/posts\/3205\/revisions"}],"predecessor-version":[{"id":3208,"href":"https:\/\/www.giulia-larigaldie.com\/de\/wp-json\/wp\/v2\/posts\/3205\/revisions\/3208"}],"wp:featuredmedia":[{"embeddable":true,"href":"https:\/\/www.giulia-larigaldie.com\/de\/wp-json\/wp\/v2\/media\/3206"}],"wp:attachment":[{"href":"https:\/\/www.giulia-larigaldie.com\/de\/wp-json\/wp\/v2\/media?parent=3205"}],"wp:term":[{"taxonomy":"category","embeddable":true,"href":"https:\/\/www.giulia-larigaldie.com\/de\/wp-json\/wp\/v2\/categories?post=3205"},{"taxonomy":"post_tag","embeddable":true,"href":"https:\/\/www.giulia-larigaldie.com\/de\/wp-json\/wp\/v2\/tags?post=3205"}],"curies":[{"name":"wp","href":"https:\/\/api.w.org\/{rel}","templated":true}]}}