{"id":2303,"date":"2021-07-30T22:50:00","date_gmt":"2021-07-30T20:50:00","guid":{"rendered":"https:\/\/www.giulia-larigaldie.com\/?p=2303"},"modified":"2021-08-12T23:01:07","modified_gmt":"2021-08-12T21:01:07","slug":"%f0%9f%92%ab-13-ans-apres-ce-chiche-qui-devait-tout-changer%f0%9f%92%a5","status":"publish","type":"post","link":"https:\/\/www.giulia-larigaldie.com\/en\/%f0%9f%92%ab-13-ans-apres-ce-chiche-qui-devait-tout-changer%f0%9f%92%a5\/","title":{"rendered":"\ud83d\udcab\u00a013 ans apr\u00e8s ce \u00abchiche\u00bb qui devait tout changer\u2026\ud83d\udca5"},"content":{"rendered":"\n<p>\ud83c\udf88\ud83d\udc23&nbsp;530gr, 21cm de hauteur, 93.397 mots et environ 411 pages&nbsp;: je vous pr\u00e9sente mon dernier b\u00e9b\u00e9&nbsp;! \ud83d\udc25&nbsp;\ud83c\udf08<\/p>\n\n\n\n<p>\ud83c\udf8a&nbsp;Je le tiens enfin entre les mains. Mon premier roman publi\u00e9 par la maison d\u2019<a href=\"https:\/\/editions-jouvence.com\/livre\/et-la-vie-reprit-a-petites-foulees\/\">\u00c9ditions Jouvence<\/a>&nbsp;! Et dans moins d\u2019un mois (d\u00e8s le 17\/08), je vais pouvoir voir ce livre dans toutes les librairies de France&nbsp;! \ud83c\udf89<\/p>\n\n\n\n<p>\ud83c\udf7e&nbsp;Et quelle synchronicit\u00e9 incroyable que je le d\u00e9couvre justement \u00e0 Annecy, o\u00f9 il se d\u00e9roule&nbsp;!<\/p>\n\n\n\n<p><strong>\ud83e\udd29<\/strong><strong>&nbsp;<\/strong>La vie est bien faite&nbsp;! <strong>\ud83d\ude0e<\/strong><strong><\/strong><\/p>\n","protected":false},"excerpt":{"rendered":"<p>\ud83c\udf88\ud83d\udc23&nbsp;530gr, 21cm de hauteur, 93.397 mots et environ 411 pages&nbsp;: je vous pr\u00e9sente mon dernier b\u00e9b\u00e9&nbsp;! \ud83d\udc25&nbsp;\ud83c\udf08 \ud83c\udf8a&nbsp;Je le tiens enfin entre les mains. Mon premier roman publi\u00e9 par la maison d\u2019\u00c9ditions Jouvence&nbsp;! Et dans moins d\u2019un mois (d\u00e8s le 17\/08), je vais pouvoir voir ce livre dans toutes les librairies de France&nbsp;! \ud83c\udf89 \ud83c\udf7e&nbsp;Et quelle synchronicit\u00e9 incroyable que je le d\u00e9couvre justement \u00e0 Annecy, o\u00f9 il se d\u00e9roule&nbsp;! \ud83e\udd29&nbsp;La vie est bien faite&nbsp;! \ud83d\ude0e<\/p>\n","protected":false},"author":2,"featured_media":2304,"comment_status":"open","ping_status":"open","sticky":false,"template":"","format":"standard","meta":{"_uag_custom_page_level_css":"","footnotes":""},"categories":[69,66,67,63,1],"tags":[],"class_list":["post-2303","post","type-post","status-publish","format-standard","has-post-thumbnail","hentry","category-ecriture-news","category-news","category-roman-news","category-roman","category-ecriture"],"yoast_head":"<!-- This site is optimized with the Yoast SEO plugin v25.7 - https:\/\/yoast.com\/wordpress\/plugins\/seo\/ -->\n<title>\ud83d\udcab\u00a013 ans apr\u00e8s ce \u00abchiche\u00bb qui devait tout changer\u2026\ud83d\udca5<\/title>\n<meta name=\"robots\" content=\"index, follow, max-snippet:-1, max-image-preview:large, max-video-preview:-1\" \/>\n<link rel=\"canonical\" href=\"https:\/\/www.giulia-larigaldie.com\/en\/\ud83d\udcab-13-ans-apres-ce-chiche-qui-devait-tout-changer\ud83d\udca5\/\" \/>\n<meta property=\"og:locale\" content=\"en_GB\" \/>\n<meta property=\"og:locale:alternate\" content=\"fr_FR\" \/>\n<meta property=\"og:locale:alternate\" content=\"de_DE\" \/>\n<meta property=\"og:type\" content=\"article\" \/>\n<meta property=\"og:title\" content=\"\ud83d\udcab\u00a013 ans apr\u00e8s ce \u00abchiche\u00bb qui devait tout changer\u2026\ud83d\udca5\" \/>\n<meta property=\"og:description\" content=\"\ud83c\udf88\ud83d\udc23&nbsp;530gr, 21cm de hauteur, 93.397 mots et environ 411 pages&nbsp;: je vous pr\u00e9sente mon dernier b\u00e9b\u00e9&nbsp;! \ud83d\udc25&nbsp;\ud83c\udf08 \ud83c\udf8a&nbsp;Je le tiens enfin entre les mains. Mon premier roman publi\u00e9 par la maison d\u2019\u00c9ditions Jouvence&nbsp;! Et dans moins d\u2019un mois (d\u00e8s le 17\/08), je vais pouvoir voir ce livre dans toutes les librairies de France&nbsp;! \ud83c\udf89 \ud83c\udf7e&nbsp;Et quelle synchronicit\u00e9 incroyable que je le d\u00e9couvre justement \u00e0 Annecy, o\u00f9 il se d\u00e9roule&nbsp;! \ud83e\udd29&nbsp;La vie est bien faite&nbsp;! \ud83d\ude0e\" \/>\n<meta property=\"og:url\" content=\"https:\/\/www.giulia-larigaldie.com\/en\/\ud83d\udcab-13-ans-apres-ce-chiche-qui-devait-tout-changer\ud83d\udca5\/\" \/>\n<meta property=\"og:site_name\" content=\"Giulia Larigaldie\" \/>\n<meta property=\"article:published_time\" content=\"2021-07-30T20:50:00+00:00\" \/>\n<meta property=\"article:modified_time\" content=\"2021-08-12T21:01:07+00:00\" \/>\n<meta property=\"og:image\" content=\"https:\/\/www.giulia-larigaldie.com\/wp-content\/uploads\/2021\/08\/IMG_1500-scaled.jpg\" \/>\n\t<meta property=\"og:image:width\" content=\"2011\" \/>\n\t<meta property=\"og:image:height\" content=\"2560\" \/>\n\t<meta property=\"og:image:type\" content=\"image\/jpeg\" \/>\n<meta name=\"author\" content=\"Giulia Larigaldie\" \/>\n<meta name=\"twitter:card\" content=\"summary_large_image\" \/>\n<meta name=\"twitter:label1\" content=\"Written by\" \/>\n\t<meta name=\"twitter:data1\" content=\"Giulia Larigaldie\" \/>\n\t<meta name=\"twitter:label2\" content=\"Estimated reading time\" \/>\n\t<meta name=\"twitter:data2\" content=\"1 minute\" \/>\n<script type=\"application\/ld+json\" class=\"yoast-schema-graph\">{\"@context\":\"https:\/\/schema.org\",\"@graph\":[{\"@type\":\"Article\",\"@id\":\"https:\/\/www.giulia-larigaldie.com\/%f0%9f%92%ab-13-ans-apres-ce-chiche-qui-devait-tout-changer%f0%9f%92%a5\/#article\",\"isPartOf\":{\"@id\":\"https:\/\/www.giulia-larigaldie.com\/%f0%9f%92%ab-13-ans-apres-ce-chiche-qui-devait-tout-changer%f0%9f%92%a5\/\"},\"author\":{\"name\":\"Giulia Larigaldie\",\"@id\":\"https:\/\/www.giulia-larigaldie.com\/#\/schema\/person\/7ea8f5903d7a93eb0545f285f871b58b\"},\"headline\":\"\ud83d\udcab\u00a013 ans apr\u00e8s ce \u00abchiche\u00bb qui devait tout changer\u2026\ud83d\udca5\",\"datePublished\":\"2021-07-30T20:50:00+00:00\",\"dateModified\":\"2021-08-12T21:01:07+00:00\",\"mainEntityOfPage\":{\"@id\":\"https:\/\/www.giulia-larigaldie.com\/%f0%9f%92%ab-13-ans-apres-ce-chiche-qui-devait-tout-changer%f0%9f%92%a5\/\"},\"wordCount\":97,\"commentCount\":0,\"publisher\":{\"@id\":\"https:\/\/www.giulia-larigaldie.com\/#organization\"},\"image\":{\"@id\":\"https:\/\/www.giulia-larigaldie.com\/%f0%9f%92%ab-13-ans-apres-ce-chiche-qui-devait-tout-changer%f0%9f%92%a5\/#primaryimage\"},\"thumbnailUrl\":\"https:\/\/www.giulia-larigaldie.com\/wp-content\/uploads\/2021\/08\/IMG_1500-scaled.jpg\",\"articleSection\":[\"\u00c9criture\",\"News\",\"Roman\",\"Roman\",\"\u00c9CRITURE\"],\"inLanguage\":\"en-GB\",\"potentialAction\":[{\"@type\":\"CommentAction\",\"name\":\"Comment\",\"target\":[\"https:\/\/www.giulia-larigaldie.com\/%f0%9f%92%ab-13-ans-apres-ce-chiche-qui-devait-tout-changer%f0%9f%92%a5\/#respond\"]}]},{\"@type\":\"WebPage\",\"@id\":\"https:\/\/www.giulia-larigaldie.com\/%f0%9f%92%ab-13-ans-apres-ce-chiche-qui-devait-tout-changer%f0%9f%92%a5\/\",\"url\":\"https:\/\/www.giulia-larigaldie.com\/%f0%9f%92%ab-13-ans-apres-ce-chiche-qui-devait-tout-changer%f0%9f%92%a5\/\",\"name\":\"\ud83d\udcab\u00a013 ans apr\u00e8s ce \u00abchiche\u00bb qui devait tout changer\u2026\ud83d\udca5\",\"isPartOf\":{\"@id\":\"https:\/\/www.giulia-larigaldie.com\/#website\"},\"primaryImageOfPage\":{\"@id\":\"https:\/\/www.giulia-larigaldie.com\/%f0%9f%92%ab-13-ans-apres-ce-chiche-qui-devait-tout-changer%f0%9f%92%a5\/#primaryimage\"},\"image\":{\"@id\":\"https:\/\/www.giulia-larigaldie.com\/%f0%9f%92%ab-13-ans-apres-ce-chiche-qui-devait-tout-changer%f0%9f%92%a5\/#primaryimage\"},\"thumbnailUrl\":\"https:\/\/www.giulia-larigaldie.com\/wp-content\/uploads\/2021\/08\/IMG_1500-scaled.jpg\",\"datePublished\":\"2021-07-30T20:50:00+00:00\",\"dateModified\":\"2021-08-12T21:01:07+00:00\",\"breadcrumb\":{\"@id\":\"https:\/\/www.giulia-larigaldie.com\/%f0%9f%92%ab-13-ans-apres-ce-chiche-qui-devait-tout-changer%f0%9f%92%a5\/#breadcrumb\"},\"inLanguage\":\"en-GB\",\"potentialAction\":[{\"@type\":\"ReadAction\",\"target\":[\"https:\/\/www.giulia-larigaldie.com\/%f0%9f%92%ab-13-ans-apres-ce-chiche-qui-devait-tout-changer%f0%9f%92%a5\/\"]}]},{\"@type\":\"ImageObject\",\"inLanguage\":\"en-GB\",\"@id\":\"https:\/\/www.giulia-larigaldie.com\/%f0%9f%92%ab-13-ans-apres-ce-chiche-qui-devait-tout-changer%f0%9f%92%a5\/#primaryimage\",\"url\":\"https:\/\/www.giulia-larigaldie.com\/wp-content\/uploads\/2021\/08\/IMG_1500-scaled.jpg\",\"contentUrl\":\"https:\/\/www.giulia-larigaldie.com\/wp-content\/uploads\/2021\/08\/IMG_1500-scaled.jpg\",\"width\":2011,\"height\":2560},{\"@type\":\"BreadcrumbList\",\"@id\":\"https:\/\/www.giulia-larigaldie.com\/%f0%9f%92%ab-13-ans-apres-ce-chiche-qui-devait-tout-changer%f0%9f%92%a5\/#breadcrumb\",\"itemListElement\":[{\"@type\":\"ListItem\",\"position\":1,\"name\":\"Accueil\",\"item\":\"https:\/\/www.giulia-larigaldie.com\/\"},{\"@type\":\"ListItem\",\"position\":2,\"name\":\"\ud83d\udcab\u00a013 ans apr\u00e8s ce \u00abchiche\u00bb qui devait tout changer\u2026\ud83d\udca5\"}]},{\"@type\":\"WebSite\",\"@id\":\"https:\/\/www.giulia-larigaldie.com\/#website\",\"url\":\"https:\/\/www.giulia-larigaldie.com\/\",\"name\":\"Giulia Larigaldie\",\"description\":\"\u00c9criture & photographie\",\"publisher\":{\"@id\":\"https:\/\/www.giulia-larigaldie.com\/#organization\"},\"potentialAction\":[{\"@type\":\"SearchAction\",\"target\":{\"@type\":\"EntryPoint\",\"urlTemplate\":\"https:\/\/www.giulia-larigaldie.com\/?s={search_term_string}\"},\"query-input\":{\"@type\":\"PropertyValueSpecification\",\"valueRequired\":true,\"valueName\":\"search_term_string\"}}],\"inLanguage\":\"en-GB\"},{\"@type\":\"Organization\",\"@id\":\"https:\/\/www.giulia-larigaldie.com\/#organization\",\"name\":\"Giulia Larigaldie\",\"url\":\"https:\/\/www.giulia-larigaldie.com\/\",\"logo\":{\"@type\":\"ImageObject\",\"inLanguage\":\"en-GB\",\"@id\":\"https:\/\/www.giulia-larigaldie.com\/#\/schema\/logo\/image\/\",\"url\":\"https:\/\/www.giulia-larigaldie.com\/wp-content\/uploads\/2020\/01\/cropped-logo-tres-petit-1.png\",\"contentUrl\":\"https:\/\/www.giulia-larigaldie.com\/wp-content\/uploads\/2020\/01\/cropped-logo-tres-petit-1.png\",\"width\":485,\"height\":216,\"caption\":\"Giulia Larigaldie\"},\"image\":{\"@id\":\"https:\/\/www.giulia-larigaldie.com\/#\/schema\/logo\/image\/\"}},{\"@type\":\"Person\",\"@id\":\"https:\/\/www.giulia-larigaldie.com\/#\/schema\/person\/7ea8f5903d7a93eb0545f285f871b58b\",\"name\":\"Giulia Larigaldie\",\"image\":{\"@type\":\"ImageObject\",\"inLanguage\":\"en-GB\",\"@id\":\"https:\/\/www.giulia-larigaldie.com\/#\/schema\/person\/image\/\",\"url\":\"https:\/\/secure.gravatar.com\/avatar\/1206d94e433482003e0c67627b1aea00af0c184ff4d600f0dbc5a61558e91de7?s=96&d=mm&r=g\",\"contentUrl\":\"https:\/\/secure.gravatar.com\/avatar\/1206d94e433482003e0c67627b1aea00af0c184ff4d600f0dbc5a61558e91de7?s=96&d=mm&r=g\",\"caption\":\"Giulia Larigaldie\"},\"sameAs\":[\"http:\/\/www.giulia-larigaldie.com\"],\"url\":\"https:\/\/www.giulia-larigaldie.com\/en\/author\/giulia\/\"}]}<\/script>\n<!-- \/ Yoast SEO plugin. -->","yoast_head_json":{"title":"\ud83d\udcab\u00a013 ans apr\u00e8s ce \u00abchiche\u00bb qui devait tout changer\u2026\ud83d\udca5","robots":{"index":"index","follow":"follow","max-snippet":"max-snippet:-1","max-image-preview":"max-image-preview:large","max-video-preview":"max-video-preview:-1"},"canonical":"https:\/\/www.giulia-larigaldie.com\/en\/\ud83d\udcab-13-ans-apres-ce-chiche-qui-devait-tout-changer\ud83d\udca5\/","og_locale":"en_GB","og_type":"article","og_title":"[:fr]\ud83d\udcab\u00a013 ans apr\u00e8s ce \u00abchiche\u00bb qui devait tout changer\u2026\ud83d\udca5[:] - Giulia Larigaldie","og_description":"\ud83c\udf88\ud83d\udc23&nbsp;530gr, 21cm de hauteur, 93.397 mots et environ 411 pages&nbsp;: je vous pr\u00e9sente mon dernier b\u00e9b\u00e9&nbsp;! \ud83d\udc25&nbsp;\ud83c\udf08 \ud83c\udf8a&nbsp;Je le tiens enfin entre les mains. Mon premier roman publi\u00e9 par la maison d\u2019\u00c9ditions Jouvence&nbsp;! Et dans moins d\u2019un mois (d\u00e8s le 17\/08), je vais pouvoir voir ce livre dans toutes les librairies de France&nbsp;! \ud83c\udf89 \ud83c\udf7e&nbsp;Et quelle synchronicit\u00e9 incroyable que je le d\u00e9couvre justement \u00e0 Annecy, o\u00f9 il se d\u00e9roule&nbsp;! \ud83e\udd29&nbsp;La vie est bien faite&nbsp;! \ud83d\ude0e","og_url":"https:\/\/www.giulia-larigaldie.com\/en\/\ud83d\udcab-13-ans-apres-ce-chiche-qui-devait-tout-changer\ud83d\udca5\/","og_site_name":"Giulia Larigaldie","article_published_time":"2021-07-30T20:50:00+00:00","article_modified_time":"2021-08-12T21:01:07+00:00","og_image":[{"width":2011,"height":2560,"url":"https:\/\/www.giulia-larigaldie.com\/wp-content\/uploads\/2021\/08\/IMG_1500-scaled.jpg","type":"image\/jpeg"}],"author":"Giulia Larigaldie","twitter_card":"summary_large_image","twitter_misc":{"Written by":"Giulia Larigaldie","Estimated reading time":"1 minute"},"schema":{"@context":"https:\/\/schema.org","@graph":[{"@type":"Article","@id":"https:\/\/www.giulia-larigaldie.com\/%f0%9f%92%ab-13-ans-apres-ce-chiche-qui-devait-tout-changer%f0%9f%92%a5\/#article","isPartOf":{"@id":"https:\/\/www.giulia-larigaldie.com\/%f0%9f%92%ab-13-ans-apres-ce-chiche-qui-devait-tout-changer%f0%9f%92%a5\/"},"author":{"name":"Giulia Larigaldie","@id":"https:\/\/www.giulia-larigaldie.com\/#\/schema\/person\/7ea8f5903d7a93eb0545f285f871b58b"},"headline":"\ud83d\udcab\u00a013 ans apr\u00e8s ce \u00abchiche\u00bb qui devait tout changer\u2026\ud83d\udca5","datePublished":"2021-07-30T20:50:00+00:00","dateModified":"2021-08-12T21:01:07+00:00","mainEntityOfPage":{"@id":"https:\/\/www.giulia-larigaldie.com\/%f0%9f%92%ab-13-ans-apres-ce-chiche-qui-devait-tout-changer%f0%9f%92%a5\/"},"wordCount":97,"commentCount":0,"publisher":{"@id":"https:\/\/www.giulia-larigaldie.com\/#organization"},"image":{"@id":"https:\/\/www.giulia-larigaldie.com\/%f0%9f%92%ab-13-ans-apres-ce-chiche-qui-devait-tout-changer%f0%9f%92%a5\/#primaryimage"},"thumbnailUrl":"https:\/\/www.giulia-larigaldie.com\/wp-content\/uploads\/2021\/08\/IMG_1500-scaled.jpg","articleSection":["\u00c9criture","News","Roman","Roman","\u00c9CRITURE"],"inLanguage":"en-GB","potentialAction":[{"@type":"CommentAction","name":"Comment","target":["https:\/\/www.giulia-larigaldie.com\/%f0%9f%92%ab-13-ans-apres-ce-chiche-qui-devait-tout-changer%f0%9f%92%a5\/#respond"]}]},{"@type":"WebPage","@id":"https:\/\/www.giulia-larigaldie.com\/%f0%9f%92%ab-13-ans-apres-ce-chiche-qui-devait-tout-changer%f0%9f%92%a5\/","url":"https:\/\/www.giulia-larigaldie.com\/%f0%9f%92%ab-13-ans-apres-ce-chiche-qui-devait-tout-changer%f0%9f%92%a5\/","name":"\ud83d\udcab\u00a013 ans apr\u00e8s ce \u00abchiche\u00bb qui devait tout changer\u2026\ud83d\udca5","isPartOf":{"@id":"https:\/\/www.giulia-larigaldie.com\/#website"},"primaryImageOfPage":{"@id":"https:\/\/www.giulia-larigaldie.com\/%f0%9f%92%ab-13-ans-apres-ce-chiche-qui-devait-tout-changer%f0%9f%92%a5\/#primaryimage"},"image":{"@id":"https:\/\/www.giulia-larigaldie.com\/%f0%9f%92%ab-13-ans-apres-ce-chiche-qui-devait-tout-changer%f0%9f%92%a5\/#primaryimage"},"thumbnailUrl":"https:\/\/www.giulia-larigaldie.com\/wp-content\/uploads\/2021\/08\/IMG_1500-scaled.jpg","datePublished":"2021-07-30T20:50:00+00:00","dateModified":"2021-08-12T21:01:07+00:00","breadcrumb":{"@id":"https:\/\/www.giulia-larigaldie.com\/%f0%9f%92%ab-13-ans-apres-ce-chiche-qui-devait-tout-changer%f0%9f%92%a5\/#breadcrumb"},"inLanguage":"en-GB","potentialAction":[{"@type":"ReadAction","target":["https:\/\/www.giulia-larigaldie.com\/%f0%9f%92%ab-13-ans-apres-ce-chiche-qui-devait-tout-changer%f0%9f%92%a5\/"]}]},{"@type":"ImageObject","inLanguage":"en-GB","@id":"https:\/\/www.giulia-larigaldie.com\/%f0%9f%92%ab-13-ans-apres-ce-chiche-qui-devait-tout-changer%f0%9f%92%a5\/#primaryimage","url":"https:\/\/www.giulia-larigaldie.com\/wp-content\/uploads\/2021\/08\/IMG_1500-scaled.jpg","contentUrl":"https:\/\/www.giulia-larigaldie.com\/wp-content\/uploads\/2021\/08\/IMG_1500-scaled.jpg","width":2011,"height":2560},{"@type":"BreadcrumbList","@id":"https:\/\/www.giulia-larigaldie.com\/%f0%9f%92%ab-13-ans-apres-ce-chiche-qui-devait-tout-changer%f0%9f%92%a5\/#breadcrumb","itemListElement":[{"@type":"ListItem","position":1,"name":"Accueil","item":"https:\/\/www.giulia-larigaldie.com\/"},{"@type":"ListItem","position":2,"name":"\ud83d\udcab\u00a013 ans apr\u00e8s ce \u00abchiche\u00bb qui devait tout changer\u2026\ud83d\udca5"}]},{"@type":"WebSite","@id":"https:\/\/www.giulia-larigaldie.com\/#website","url":"https:\/\/www.giulia-larigaldie.com\/","name":"Giulia Larigaldie","description":"\u00c9criture & photographie","publisher":{"@id":"https:\/\/www.giulia-larigaldie.com\/#organization"},"potentialAction":[{"@type":"SearchAction","target":{"@type":"EntryPoint","urlTemplate":"https:\/\/www.giulia-larigaldie.com\/?s={search_term_string}"},"query-input":{"@type":"PropertyValueSpecification","valueRequired":true,"valueName":"search_term_string"}}],"inLanguage":"en-GB"},{"@type":"Organization","@id":"https:\/\/www.giulia-larigaldie.com\/#organization","name":"Giulia Larigaldie","url":"https:\/\/www.giulia-larigaldie.com\/","logo":{"@type":"ImageObject","inLanguage":"en-GB","@id":"https:\/\/www.giulia-larigaldie.com\/#\/schema\/logo\/image\/","url":"https:\/\/www.giulia-larigaldie.com\/wp-content\/uploads\/2020\/01\/cropped-logo-tres-petit-1.png","contentUrl":"https:\/\/www.giulia-larigaldie.com\/wp-content\/uploads\/2020\/01\/cropped-logo-tres-petit-1.png","width":485,"height":216,"caption":"Giulia Larigaldie"},"image":{"@id":"https:\/\/www.giulia-larigaldie.com\/#\/schema\/logo\/image\/"}},{"@type":"Person","@id":"https:\/\/www.giulia-larigaldie.com\/#\/schema\/person\/7ea8f5903d7a93eb0545f285f871b58b","name":"Giulia Larigaldie","image":{"@type":"ImageObject","inLanguage":"en-GB","@id":"https:\/\/www.giulia-larigaldie.com\/#\/schema\/person\/image\/","url":"https:\/\/secure.gravatar.com\/avatar\/1206d94e433482003e0c67627b1aea00af0c184ff4d600f0dbc5a61558e91de7?s=96&d=mm&r=g","contentUrl":"https:\/\/secure.gravatar.com\/avatar\/1206d94e433482003e0c67627b1aea00af0c184ff4d600f0dbc5a61558e91de7?s=96&d=mm&r=g","caption":"Giulia Larigaldie"},"sameAs":["http:\/\/www.giulia-larigaldie.com"],"url":"https:\/\/www.giulia-larigaldie.com\/en\/author\/giulia\/"}]}},"uagb_featured_image_src":{"full":["https:\/\/www.giulia-larigaldie.com\/wp-content\/uploads\/2021\/08\/IMG_1500-scaled.jpg",2011,2560,false],"thumbnail":["https:\/\/www.giulia-larigaldie.com\/wp-content\/uploads\/2021\/08\/IMG_1500-150x150.jpg",150,150,true],"medium":["https:\/\/www.giulia-larigaldie.com\/wp-content\/uploads\/2021\/08\/IMG_1500-236x300.jpg",236,300,true],"medium_large":["https:\/\/www.giulia-larigaldie.com\/wp-content\/uploads\/2021\/08\/IMG_1500-768x978.jpg",768,978,true],"large":["https:\/\/www.giulia-larigaldie.com\/wp-content\/uploads\/2021\/08\/IMG_1500-804x1024.jpg",804,1024,true],"1536x1536":["https:\/\/www.giulia-larigaldie.com\/wp-content\/uploads\/2021\/08\/IMG_1500-1206x1536.jpg",1206,1536,true],"2048x2048":["https:\/\/www.giulia-larigaldie.com\/wp-content\/uploads\/2021\/08\/IMG_1500-1609x2048.jpg",1609,2048,true],"bard-slider-grid-thumbnail":["https:\/\/www.giulia-larigaldie.com\/wp-content\/uploads\/2021\/08\/IMG_1500-scaled.jpg",463,590,false],"bard-full-thumbnail":["https:\/\/www.giulia-larigaldie.com\/wp-content\/uploads\/2021\/08\/IMG_1500-1000x1273.jpg",1000,1273,true],"bard-grid-thumbnail":["https:\/\/www.giulia-larigaldie.com\/wp-content\/uploads\/2021\/08\/IMG_1500-500x380.jpg",500,380,true],"bard-list-thumbnail":["https:\/\/www.giulia-larigaldie.com\/wp-content\/uploads\/2021\/08\/IMG_1500-300x300.jpg",300,300,true],"bard-single-navigation":["https:\/\/www.giulia-larigaldie.com\/wp-content\/uploads\/2021\/08\/IMG_1500-75x75.jpg",75,75,true]},"uagb_author_info":{"display_name":"Giulia Larigaldie","author_link":"https:\/\/www.giulia-larigaldie.com\/en\/author\/giulia\/"},"uagb_comment_info":0,"uagb_excerpt":"\ud83c\udf88\ud83d\udc23&nbsp;530gr, 21cm de hauteur, 93.397 mots et environ 411 pages&nbsp;: je vous pr\u00e9sente mon dernier b\u00e9b\u00e9&nbsp;! \ud83d\udc25&nbsp;\ud83c\udf08 \ud83c\udf8a&nbsp;Je le tiens enfin entre les mains. Mon premier roman publi\u00e9 par la maison d\u2019\u00c9ditions Jouvence&nbsp;! Et dans moins d\u2019un mois (d\u00e8s le 17\/08), je vais pouvoir voir ce livre dans toutes les librairies de France&nbsp;! \ud83c\udf89 \ud83c\udf7e&nbsp;Et&hellip;","acf":[],"_links":{"self":[{"href":"https:\/\/www.giulia-larigaldie.com\/en\/wp-json\/wp\/v2\/posts\/2303","targetHints":{"allow":["GET"]}}],"collection":[{"href":"https:\/\/www.giulia-larigaldie.com\/en\/wp-json\/wp\/v2\/posts"}],"about":[{"href":"https:\/\/www.giulia-larigaldie.com\/en\/wp-json\/wp\/v2\/types\/post"}],"author":[{"embeddable":true,"href":"https:\/\/www.giulia-larigaldie.com\/en\/wp-json\/wp\/v2\/users\/2"}],"replies":[{"embeddable":true,"href":"https:\/\/www.giulia-larigaldie.com\/en\/wp-json\/wp\/v2\/comments?post=2303"}],"version-history":[{"count":3,"href":"https:\/\/www.giulia-larigaldie.com\/en\/wp-json\/wp\/v2\/posts\/2303\/revisions"}],"predecessor-version":[{"id":2308,"href":"https:\/\/www.giulia-larigaldie.com\/en\/wp-json\/wp\/v2\/posts\/2303\/revisions\/2308"}],"wp:featuredmedia":[{"embeddable":true,"href":"https:\/\/www.giulia-larigaldie.com\/en\/wp-json\/wp\/v2\/media\/2304"}],"wp:attachment":[{"href":"https:\/\/www.giulia-larigaldie.com\/en\/wp-json\/wp\/v2\/media?parent=2303"}],"wp:term":[{"taxonomy":"category","embeddable":true,"href":"https:\/\/www.giulia-larigaldie.com\/en\/wp-json\/wp\/v2\/categories?post=2303"},{"taxonomy":"post_tag","embeddable":true,"href":"https:\/\/www.giulia-larigaldie.com\/en\/wp-json\/wp\/v2\/tags?post=2303"}],"curies":[{"name":"wp","href":"https:\/\/api.w.org\/{rel}","templated":true}]}}