{"id":2386,"date":"2021-08-27T09:17:00","date_gmt":"2021-08-27T07:17:00","guid":{"rendered":"https:\/\/www.giulia-larigaldie.com\/?p=2386"},"modified":"2021-09-02T09:28:11","modified_gmt":"2021-09-02T07:28:11","slug":"%f0%9f%93%a2-ils-en-parlent-a-la-radio-%f0%9f%8e%99","status":"publish","type":"post","link":"https:\/\/www.giulia-larigaldie.com\/en\/%f0%9f%93%a2-ils-en-parlent-a-la-radio-%f0%9f%8e%99\/","title":{"rendered":"\ud83d\udce2\u00a0Ils en parlent \u00e0 la radio ! \ud83c\udf99"},"content":{"rendered":"\n<p>\u2705 Vous avez toujours voulu en savoir plus sur la vie de vos parents \/ grands-parents ?<\/p>\n\n\n\n<p>\u2705 Vous aimeriez avoir une trace \u00e9crite et tangible de votre histoire familiale ?<\/p>\n\n\n\n<p>\u27a1\ufe0f \u00c9crivaine et photographe, j&#8217;ai d\u00e9velopp\u00e9 un concept unique de livre biographie multim\u00e9dia pour faciliter la transmission familiale et interg\u00e9n\u00e9rationnelle. Un livre construit comme une mosa\u00efque pour partager une histoire ou un parcours de fa\u00e7on aussi plurielle et vivante que possible (texte, photos, inserts audio et vid\u00e9o).<\/p>\n\n\n\n<p>\u2611\ufe0f Pour aujourd\u2019hui, demain et apr\u00e8s-demain.<\/p>\n\n\n\n<p>\u2611\ufe0f Pour vous et pour eux, mais aussi pour vos enfants et vos petits-enfants.<\/p>\n\n\n\n<p>\u2049\ufe0f Mais alors, ce Livre-M\u00e9moire, c\u2019est quoi ?<\/p>\n\n\n\n<p>\ud83d\udc49 Ci-joint le lien vers l\u2019interview \/ podcast de @Stereochic, la radio des Fran\u00e7ais \u00e0 l\u2019\u00e9tranger et vous en saurez plus ! Si vous avez des questions, n\u2019h\u00e9sitez pas \u00e0 me contacter \u00e0 contact@giulia-larigaldie.com<\/p>\n\n\n\n<p><a href=\"https:\/\/podcast.ausha.co\/expat-pratique-stereochic-radio\/christine-vous-parle-de-son-concept-genial-de-livre-memoire-26-08-2021-stereochic-radio\">https:\/\/podcast.ausha.co\/expat-pratique-stereochic-radio\/christine-vous-parle-de-son-concept-genial-de-livre-memoire-26-08-2021-stereochic-radio<\/a><\/p>\n","protected":false},"excerpt":{"rendered":"<p>\u2705 Vous avez toujours voulu en savoir plus sur la vie de vos parents \/ grands-parents ? \u2705 Vous aimeriez avoir une trace \u00e9crite et tangible de votre histoire familiale ? \u27a1\ufe0f \u00c9crivaine et photographe, j&#8217;ai d\u00e9velopp\u00e9 un concept unique de livre biographie multim\u00e9dia pour faciliter la transmission familiale et interg\u00e9n\u00e9rationnelle. Un livre construit comme une mosa\u00efque pour partager une histoire ou un parcours de fa\u00e7on aussi plurielle et vivante que possible (texte, photos, inserts audio et vid\u00e9o). \u2611\ufe0f Pour aujourd\u2019hui, demain et apr\u00e8s-demain. \u2611\ufe0f Pour vous et pour eux, mais aussi pour vos enfants et vos petits-enfants. \u2049\ufe0f Mais alors, ce Livre-M\u00e9moire, c\u2019est quoi ? \ud83d\udc49 Ci-joint le lien vers l\u2019interview \/ podcast de @Stereochic, la radio des Fran\u00e7ais \u00e0 l\u2019\u00e9tranger et vous en saurez plus ! Si vous avez des questions, n\u2019h\u00e9sitez pas \u00e0 me contacter \u00e0 contact@giulia-larigaldie.com https:\/\/podcast.ausha.co\/expat-pratique-stereochic-radio\/christine-vous-parle-de-son-concept-genial-de-livre-memoire-26-08-2021-stereochic-radio<\/p>\n","protected":false},"author":2,"featured_media":2369,"comment_status":"open","ping_status":"open","sticky":false,"template":"","format":"standard","meta":{"_uag_custom_page_level_css":"","footnotes":""},"categories":[52,70,66],"tags":[],"class_list":["post-2386","post","type-post","status-publish","format-standard","has-post-thumbnail","hentry","category-livre-memoire","category-livre-memoire-news","category-news"],"yoast_head":"<!-- This site is optimized with the Yoast SEO plugin v25.7 - https:\/\/yoast.com\/wordpress\/plugins\/seo\/ -->\n<title>\ud83d\udce2\u00a0Ils en parlent \u00e0 la radio ! \ud83c\udf99<\/title>\n<meta name=\"robots\" content=\"index, follow, max-snippet:-1, max-image-preview:large, max-video-preview:-1\" \/>\n<link rel=\"canonical\" href=\"https:\/\/www.giulia-larigaldie.com\/en\/\ud83d\udce2-ils-en-parlent-a-la-radio-\ud83c\udf99\/\" \/>\n<meta property=\"og:locale\" content=\"en_GB\" \/>\n<meta property=\"og:locale:alternate\" content=\"fr_FR\" \/>\n<meta property=\"og:locale:alternate\" content=\"de_DE\" \/>\n<meta property=\"og:type\" content=\"article\" \/>\n<meta property=\"og:title\" content=\"\ud83d\udce2\u00a0Ils en parlent \u00e0 la radio ! \ud83c\udf99\" \/>\n<meta property=\"og:description\" content=\"\u2705 Vous avez toujours voulu en savoir plus sur la vie de vos parents \/ grands-parents ? \u2705 Vous aimeriez avoir une trace \u00e9crite et tangible de votre histoire familiale ? \u27a1\ufe0f \u00c9crivaine et photographe, j&#8217;ai d\u00e9velopp\u00e9 un concept unique de livre biographie multim\u00e9dia pour faciliter la transmission familiale et interg\u00e9n\u00e9rationnelle. Un livre construit comme une mosa\u00efque pour partager une histoire ou un parcours de fa\u00e7on aussi plurielle et vivante que possible (texte, photos, inserts audio et vid\u00e9o). \u2611\ufe0f Pour aujourd\u2019hui, demain et apr\u00e8s-demain. \u2611\ufe0f Pour vous et pour eux, mais aussi pour vos enfants et vos petits-enfants. \u2049\ufe0f Mais alors, ce Livre-M\u00e9moire, c\u2019est quoi ? \ud83d\udc49 Ci-joint le lien vers l\u2019interview \/ podcast de @Stereochic, la radio des Fran\u00e7ais \u00e0 l\u2019\u00e9tranger et vous en saurez plus ! Si vous avez des questions, n\u2019h\u00e9sitez pas \u00e0 me contacter \u00e0 contact@giulia-larigaldie.com https:\/\/podcast.ausha.co\/expat-pratique-stereochic-radio\/christine-vous-parle-de-son-concept-genial-de-livre-memoire-26-08-2021-stereochic-radio\" \/>\n<meta property=\"og:url\" content=\"https:\/\/www.giulia-larigaldie.com\/en\/\ud83d\udce2-ils-en-parlent-a-la-radio-\ud83c\udf99\/\" \/>\n<meta property=\"og:site_name\" content=\"Giulia Larigaldie\" \/>\n<meta property=\"article:published_time\" content=\"2021-08-27T07:17:00+00:00\" \/>\n<meta property=\"article:modified_time\" content=\"2021-09-02T07:28:11+00:00\" \/>\n<meta property=\"og:image\" content=\"https:\/\/www.giulia-larigaldie.com\/wp-content\/uploads\/2021\/09\/Screenshot-2021-09-01-at-18.33.51.png\" \/>\n\t<meta property=\"og:image:width\" content=\"480\" \/>\n\t<meta property=\"og:image:height\" content=\"214\" \/>\n\t<meta property=\"og:image:type\" content=\"image\/png\" \/>\n<meta name=\"author\" content=\"Giulia Larigaldie\" \/>\n<meta name=\"twitter:card\" content=\"summary_large_image\" \/>\n<meta name=\"twitter:label1\" content=\"Written by\" \/>\n\t<meta name=\"twitter:data1\" content=\"Giulia Larigaldie\" \/>\n\t<meta name=\"twitter:label2\" content=\"Estimated reading time\" \/>\n\t<meta name=\"twitter:data2\" content=\"1 minute\" \/>\n<script type=\"application\/ld+json\" class=\"yoast-schema-graph\">{\"@context\":\"https:\/\/schema.org\",\"@graph\":[{\"@type\":\"Article\",\"@id\":\"https:\/\/www.giulia-larigaldie.com\/%f0%9f%93%a2-ils-en-parlent-a-la-radio-%f0%9f%8e%99\/#article\",\"isPartOf\":{\"@id\":\"https:\/\/www.giulia-larigaldie.com\/%f0%9f%93%a2-ils-en-parlent-a-la-radio-%f0%9f%8e%99\/\"},\"author\":{\"name\":\"Giulia Larigaldie\",\"@id\":\"https:\/\/www.giulia-larigaldie.com\/#\/schema\/person\/7ea8f5903d7a93eb0545f285f871b58b\"},\"headline\":\"\ud83d\udce2\u00a0Ils en parlent \u00e0 la radio ! \ud83c\udf99\",\"datePublished\":\"2021-08-27T07:17:00+00:00\",\"dateModified\":\"2021-09-02T07:28:11+00:00\",\"mainEntityOfPage\":{\"@id\":\"https:\/\/www.giulia-larigaldie.com\/%f0%9f%93%a2-ils-en-parlent-a-la-radio-%f0%9f%8e%99\/\"},\"wordCount\":158,\"commentCount\":0,\"publisher\":{\"@id\":\"https:\/\/www.giulia-larigaldie.com\/#organization\"},\"image\":{\"@id\":\"https:\/\/www.giulia-larigaldie.com\/%f0%9f%93%a2-ils-en-parlent-a-la-radio-%f0%9f%8e%99\/#primaryimage\"},\"thumbnailUrl\":\"https:\/\/www.giulia-larigaldie.com\/wp-content\/uploads\/2021\/09\/Screenshot-2021-09-01-at-18.33.51.png\",\"articleSection\":[\"Livre-M\u00e9moire\",\"Livre-M\u00e9moire\",\"News\"],\"inLanguage\":\"en-GB\",\"potentialAction\":[{\"@type\":\"CommentAction\",\"name\":\"Comment\",\"target\":[\"https:\/\/www.giulia-larigaldie.com\/%f0%9f%93%a2-ils-en-parlent-a-la-radio-%f0%9f%8e%99\/#respond\"]}]},{\"@type\":\"WebPage\",\"@id\":\"https:\/\/www.giulia-larigaldie.com\/%f0%9f%93%a2-ils-en-parlent-a-la-radio-%f0%9f%8e%99\/\",\"url\":\"https:\/\/www.giulia-larigaldie.com\/%f0%9f%93%a2-ils-en-parlent-a-la-radio-%f0%9f%8e%99\/\",\"name\":\"\ud83d\udce2\u00a0Ils en parlent \u00e0 la radio ! \ud83c\udf99\",\"isPartOf\":{\"@id\":\"https:\/\/www.giulia-larigaldie.com\/#website\"},\"primaryImageOfPage\":{\"@id\":\"https:\/\/www.giulia-larigaldie.com\/%f0%9f%93%a2-ils-en-parlent-a-la-radio-%f0%9f%8e%99\/#primaryimage\"},\"image\":{\"@id\":\"https:\/\/www.giulia-larigaldie.com\/%f0%9f%93%a2-ils-en-parlent-a-la-radio-%f0%9f%8e%99\/#primaryimage\"},\"thumbnailUrl\":\"https:\/\/www.giulia-larigaldie.com\/wp-content\/uploads\/2021\/09\/Screenshot-2021-09-01-at-18.33.51.png\",\"datePublished\":\"2021-08-27T07:17:00+00:00\",\"dateModified\":\"2021-09-02T07:28:11+00:00\",\"breadcrumb\":{\"@id\":\"https:\/\/www.giulia-larigaldie.com\/%f0%9f%93%a2-ils-en-parlent-a-la-radio-%f0%9f%8e%99\/#breadcrumb\"},\"inLanguage\":\"en-GB\",\"potentialAction\":[{\"@type\":\"ReadAction\",\"target\":[\"https:\/\/www.giulia-larigaldie.com\/%f0%9f%93%a2-ils-en-parlent-a-la-radio-%f0%9f%8e%99\/\"]}]},{\"@type\":\"ImageObject\",\"inLanguage\":\"en-GB\",\"@id\":\"https:\/\/www.giulia-larigaldie.com\/%f0%9f%93%a2-ils-en-parlent-a-la-radio-%f0%9f%8e%99\/#primaryimage\",\"url\":\"https:\/\/www.giulia-larigaldie.com\/wp-content\/uploads\/2021\/09\/Screenshot-2021-09-01-at-18.33.51.png\",\"contentUrl\":\"https:\/\/www.giulia-larigaldie.com\/wp-content\/uploads\/2021\/09\/Screenshot-2021-09-01-at-18.33.51.png\",\"width\":480,\"height\":214},{\"@type\":\"BreadcrumbList\",\"@id\":\"https:\/\/www.giulia-larigaldie.com\/%f0%9f%93%a2-ils-en-parlent-a-la-radio-%f0%9f%8e%99\/#breadcrumb\",\"itemListElement\":[{\"@type\":\"ListItem\",\"position\":1,\"name\":\"Accueil\",\"item\":\"https:\/\/www.giulia-larigaldie.com\/\"},{\"@type\":\"ListItem\",\"position\":2,\"name\":\"\ud83d\udce2\u00a0Ils en parlent \u00e0 la radio ! \ud83c\udf99\"}]},{\"@type\":\"WebSite\",\"@id\":\"https:\/\/www.giulia-larigaldie.com\/#website\",\"url\":\"https:\/\/www.giulia-larigaldie.com\/\",\"name\":\"Giulia Larigaldie\",\"description\":\"\u00c9criture & photographie\",\"publisher\":{\"@id\":\"https:\/\/www.giulia-larigaldie.com\/#organization\"},\"potentialAction\":[{\"@type\":\"SearchAction\",\"target\":{\"@type\":\"EntryPoint\",\"urlTemplate\":\"https:\/\/www.giulia-larigaldie.com\/?s={search_term_string}\"},\"query-input\":{\"@type\":\"PropertyValueSpecification\",\"valueRequired\":true,\"valueName\":\"search_term_string\"}}],\"inLanguage\":\"en-GB\"},{\"@type\":\"Organization\",\"@id\":\"https:\/\/www.giulia-larigaldie.com\/#organization\",\"name\":\"Giulia Larigaldie\",\"url\":\"https:\/\/www.giulia-larigaldie.com\/\",\"logo\":{\"@type\":\"ImageObject\",\"inLanguage\":\"en-GB\",\"@id\":\"https:\/\/www.giulia-larigaldie.com\/#\/schema\/logo\/image\/\",\"url\":\"https:\/\/www.giulia-larigaldie.com\/wp-content\/uploads\/2020\/01\/cropped-logo-tres-petit-1.png\",\"contentUrl\":\"https:\/\/www.giulia-larigaldie.com\/wp-content\/uploads\/2020\/01\/cropped-logo-tres-petit-1.png\",\"width\":485,\"height\":216,\"caption\":\"Giulia Larigaldie\"},\"image\":{\"@id\":\"https:\/\/www.giulia-larigaldie.com\/#\/schema\/logo\/image\/\"}},{\"@type\":\"Person\",\"@id\":\"https:\/\/www.giulia-larigaldie.com\/#\/schema\/person\/7ea8f5903d7a93eb0545f285f871b58b\",\"name\":\"Giulia Larigaldie\",\"image\":{\"@type\":\"ImageObject\",\"inLanguage\":\"en-GB\",\"@id\":\"https:\/\/www.giulia-larigaldie.com\/#\/schema\/person\/image\/\",\"url\":\"https:\/\/secure.gravatar.com\/avatar\/1206d94e433482003e0c67627b1aea00af0c184ff4d600f0dbc5a61558e91de7?s=96&d=mm&r=g\",\"contentUrl\":\"https:\/\/secure.gravatar.com\/avatar\/1206d94e433482003e0c67627b1aea00af0c184ff4d600f0dbc5a61558e91de7?s=96&d=mm&r=g\",\"caption\":\"Giulia Larigaldie\"},\"sameAs\":[\"http:\/\/www.giulia-larigaldie.com\"],\"url\":\"https:\/\/www.giulia-larigaldie.com\/en\/author\/giulia\/\"}]}<\/script>\n<!-- \/ Yoast SEO plugin. -->","yoast_head_json":{"title":"\ud83d\udce2\u00a0Ils en parlent \u00e0 la radio ! \ud83c\udf99","robots":{"index":"index","follow":"follow","max-snippet":"max-snippet:-1","max-image-preview":"max-image-preview:large","max-video-preview":"max-video-preview:-1"},"canonical":"https:\/\/www.giulia-larigaldie.com\/en\/\ud83d\udce2-ils-en-parlent-a-la-radio-\ud83c\udf99\/","og_locale":"en_GB","og_type":"article","og_title":"[:fr]\ud83d\udce2\u00a0Ils en parlent \u00e0 la radio ! \ud83c\udf99[:] - Giulia Larigaldie","og_description":"\u2705 Vous avez toujours voulu en savoir plus sur la vie de vos parents \/ grands-parents ? \u2705 Vous aimeriez avoir une trace \u00e9crite et tangible de votre histoire familiale ? \u27a1\ufe0f \u00c9crivaine et photographe, j&#8217;ai d\u00e9velopp\u00e9 un concept unique de livre biographie multim\u00e9dia pour faciliter la transmission familiale et interg\u00e9n\u00e9rationnelle. Un livre construit comme une mosa\u00efque pour partager une histoire ou un parcours de fa\u00e7on aussi plurielle et vivante que possible (texte, photos, inserts audio et vid\u00e9o). \u2611\ufe0f Pour aujourd\u2019hui, demain et apr\u00e8s-demain. \u2611\ufe0f Pour vous et pour eux, mais aussi pour vos enfants et vos petits-enfants. \u2049\ufe0f Mais alors, ce Livre-M\u00e9moire, c\u2019est quoi ? \ud83d\udc49 Ci-joint le lien vers l\u2019interview \/ podcast de @Stereochic, la radio des Fran\u00e7ais \u00e0 l\u2019\u00e9tranger et vous en saurez plus ! Si vous avez des questions, n\u2019h\u00e9sitez pas \u00e0 me contacter \u00e0 contact@giulia-larigaldie.com https:\/\/podcast.ausha.co\/expat-pratique-stereochic-radio\/christine-vous-parle-de-son-concept-genial-de-livre-memoire-26-08-2021-stereochic-radio","og_url":"https:\/\/www.giulia-larigaldie.com\/en\/\ud83d\udce2-ils-en-parlent-a-la-radio-\ud83c\udf99\/","og_site_name":"Giulia Larigaldie","article_published_time":"2021-08-27T07:17:00+00:00","article_modified_time":"2021-09-02T07:28:11+00:00","og_image":[{"width":480,"height":214,"url":"https:\/\/www.giulia-larigaldie.com\/wp-content\/uploads\/2021\/09\/Screenshot-2021-09-01-at-18.33.51.png","type":"image\/png"}],"author":"Giulia Larigaldie","twitter_card":"summary_large_image","twitter_misc":{"Written by":"Giulia Larigaldie","Estimated reading time":"1 minute"},"schema":{"@context":"https:\/\/schema.org","@graph":[{"@type":"Article","@id":"https:\/\/www.giulia-larigaldie.com\/%f0%9f%93%a2-ils-en-parlent-a-la-radio-%f0%9f%8e%99\/#article","isPartOf":{"@id":"https:\/\/www.giulia-larigaldie.com\/%f0%9f%93%a2-ils-en-parlent-a-la-radio-%f0%9f%8e%99\/"},"author":{"name":"Giulia Larigaldie","@id":"https:\/\/www.giulia-larigaldie.com\/#\/schema\/person\/7ea8f5903d7a93eb0545f285f871b58b"},"headline":"\ud83d\udce2\u00a0Ils en parlent \u00e0 la radio ! \ud83c\udf99","datePublished":"2021-08-27T07:17:00+00:00","dateModified":"2021-09-02T07:28:11+00:00","mainEntityOfPage":{"@id":"https:\/\/www.giulia-larigaldie.com\/%f0%9f%93%a2-ils-en-parlent-a-la-radio-%f0%9f%8e%99\/"},"wordCount":158,"commentCount":0,"publisher":{"@id":"https:\/\/www.giulia-larigaldie.com\/#organization"},"image":{"@id":"https:\/\/www.giulia-larigaldie.com\/%f0%9f%93%a2-ils-en-parlent-a-la-radio-%f0%9f%8e%99\/#primaryimage"},"thumbnailUrl":"https:\/\/www.giulia-larigaldie.com\/wp-content\/uploads\/2021\/09\/Screenshot-2021-09-01-at-18.33.51.png","articleSection":["Livre-M\u00e9moire","Livre-M\u00e9moire","News"],"inLanguage":"en-GB","potentialAction":[{"@type":"CommentAction","name":"Comment","target":["https:\/\/www.giulia-larigaldie.com\/%f0%9f%93%a2-ils-en-parlent-a-la-radio-%f0%9f%8e%99\/#respond"]}]},{"@type":"WebPage","@id":"https:\/\/www.giulia-larigaldie.com\/%f0%9f%93%a2-ils-en-parlent-a-la-radio-%f0%9f%8e%99\/","url":"https:\/\/www.giulia-larigaldie.com\/%f0%9f%93%a2-ils-en-parlent-a-la-radio-%f0%9f%8e%99\/","name":"\ud83d\udce2\u00a0Ils en parlent \u00e0 la radio ! \ud83c\udf99","isPartOf":{"@id":"https:\/\/www.giulia-larigaldie.com\/#website"},"primaryImageOfPage":{"@id":"https:\/\/www.giulia-larigaldie.com\/%f0%9f%93%a2-ils-en-parlent-a-la-radio-%f0%9f%8e%99\/#primaryimage"},"image":{"@id":"https:\/\/www.giulia-larigaldie.com\/%f0%9f%93%a2-ils-en-parlent-a-la-radio-%f0%9f%8e%99\/#primaryimage"},"thumbnailUrl":"https:\/\/www.giulia-larigaldie.com\/wp-content\/uploads\/2021\/09\/Screenshot-2021-09-01-at-18.33.51.png","datePublished":"2021-08-27T07:17:00+00:00","dateModified":"2021-09-02T07:28:11+00:00","breadcrumb":{"@id":"https:\/\/www.giulia-larigaldie.com\/%f0%9f%93%a2-ils-en-parlent-a-la-radio-%f0%9f%8e%99\/#breadcrumb"},"inLanguage":"en-GB","potentialAction":[{"@type":"ReadAction","target":["https:\/\/www.giulia-larigaldie.com\/%f0%9f%93%a2-ils-en-parlent-a-la-radio-%f0%9f%8e%99\/"]}]},{"@type":"ImageObject","inLanguage":"en-GB","@id":"https:\/\/www.giulia-larigaldie.com\/%f0%9f%93%a2-ils-en-parlent-a-la-radio-%f0%9f%8e%99\/#primaryimage","url":"https:\/\/www.giulia-larigaldie.com\/wp-content\/uploads\/2021\/09\/Screenshot-2021-09-01-at-18.33.51.png","contentUrl":"https:\/\/www.giulia-larigaldie.com\/wp-content\/uploads\/2021\/09\/Screenshot-2021-09-01-at-18.33.51.png","width":480,"height":214},{"@type":"BreadcrumbList","@id":"https:\/\/www.giulia-larigaldie.com\/%f0%9f%93%a2-ils-en-parlent-a-la-radio-%f0%9f%8e%99\/#breadcrumb","itemListElement":[{"@type":"ListItem","position":1,"name":"Accueil","item":"https:\/\/www.giulia-larigaldie.com\/"},{"@type":"ListItem","position":2,"name":"\ud83d\udce2\u00a0Ils en parlent \u00e0 la radio ! \ud83c\udf99"}]},{"@type":"WebSite","@id":"https:\/\/www.giulia-larigaldie.com\/#website","url":"https:\/\/www.giulia-larigaldie.com\/","name":"Giulia Larigaldie","description":"\u00c9criture & photographie","publisher":{"@id":"https:\/\/www.giulia-larigaldie.com\/#organization"},"potentialAction":[{"@type":"SearchAction","target":{"@type":"EntryPoint","urlTemplate":"https:\/\/www.giulia-larigaldie.com\/?s={search_term_string}"},"query-input":{"@type":"PropertyValueSpecification","valueRequired":true,"valueName":"search_term_string"}}],"inLanguage":"en-GB"},{"@type":"Organization","@id":"https:\/\/www.giulia-larigaldie.com\/#organization","name":"Giulia Larigaldie","url":"https:\/\/www.giulia-larigaldie.com\/","logo":{"@type":"ImageObject","inLanguage":"en-GB","@id":"https:\/\/www.giulia-larigaldie.com\/#\/schema\/logo\/image\/","url":"https:\/\/www.giulia-larigaldie.com\/wp-content\/uploads\/2020\/01\/cropped-logo-tres-petit-1.png","contentUrl":"https:\/\/www.giulia-larigaldie.com\/wp-content\/uploads\/2020\/01\/cropped-logo-tres-petit-1.png","width":485,"height":216,"caption":"Giulia Larigaldie"},"image":{"@id":"https:\/\/www.giulia-larigaldie.com\/#\/schema\/logo\/image\/"}},{"@type":"Person","@id":"https:\/\/www.giulia-larigaldie.com\/#\/schema\/person\/7ea8f5903d7a93eb0545f285f871b58b","name":"Giulia Larigaldie","image":{"@type":"ImageObject","inLanguage":"en-GB","@id":"https:\/\/www.giulia-larigaldie.com\/#\/schema\/person\/image\/","url":"https:\/\/secure.gravatar.com\/avatar\/1206d94e433482003e0c67627b1aea00af0c184ff4d600f0dbc5a61558e91de7?s=96&d=mm&r=g","contentUrl":"https:\/\/secure.gravatar.com\/avatar\/1206d94e433482003e0c67627b1aea00af0c184ff4d600f0dbc5a61558e91de7?s=96&d=mm&r=g","caption":"Giulia Larigaldie"},"sameAs":["http:\/\/www.giulia-larigaldie.com"],"url":"https:\/\/www.giulia-larigaldie.com\/en\/author\/giulia\/"}]}},"uagb_featured_image_src":{"full":["https:\/\/www.giulia-larigaldie.com\/wp-content\/uploads\/2021\/09\/Screenshot-2021-09-01-at-18.33.51.png",480,214,false],"thumbnail":["https:\/\/www.giulia-larigaldie.com\/wp-content\/uploads\/2021\/09\/Screenshot-2021-09-01-at-18.33.51-150x150.png",150,150,true],"medium":["https:\/\/www.giulia-larigaldie.com\/wp-content\/uploads\/2021\/09\/Screenshot-2021-09-01-at-18.33.51-300x134.png",300,134,true],"medium_large":["https:\/\/www.giulia-larigaldie.com\/wp-content\/uploads\/2021\/09\/Screenshot-2021-09-01-at-18.33.51.png",480,214,false],"large":["https:\/\/www.giulia-larigaldie.com\/wp-content\/uploads\/2021\/09\/Screenshot-2021-09-01-at-18.33.51.png",480,214,false],"1536x1536":["https:\/\/www.giulia-larigaldie.com\/wp-content\/uploads\/2021\/09\/Screenshot-2021-09-01-at-18.33.51.png",480,214,false],"2048x2048":["https:\/\/www.giulia-larigaldie.com\/wp-content\/uploads\/2021\/09\/Screenshot-2021-09-01-at-18.33.51.png",480,214,false],"bard-slider-grid-thumbnail":["https:\/\/www.giulia-larigaldie.com\/wp-content\/uploads\/2021\/09\/Screenshot-2021-09-01-at-18.33.51.png",480,214,false],"bard-full-thumbnail":["https:\/\/www.giulia-larigaldie.com\/wp-content\/uploads\/2021\/09\/Screenshot-2021-09-01-at-18.33.51.png",480,214,false],"bard-grid-thumbnail":["https:\/\/www.giulia-larigaldie.com\/wp-content\/uploads\/2021\/09\/Screenshot-2021-09-01-at-18.33.51.png",480,214,false],"bard-list-thumbnail":["https:\/\/www.giulia-larigaldie.com\/wp-content\/uploads\/2021\/09\/Screenshot-2021-09-01-at-18.33.51-300x214.png",300,214,true],"bard-single-navigation":["https:\/\/www.giulia-larigaldie.com\/wp-content\/uploads\/2021\/09\/Screenshot-2021-09-01-at-18.33.51-75x75.png",75,75,true]},"uagb_author_info":{"display_name":"Giulia Larigaldie","author_link":"https:\/\/www.giulia-larigaldie.com\/en\/author\/giulia\/"},"uagb_comment_info":0,"uagb_excerpt":"\u2705 Vous avez toujours voulu en savoir plus sur la vie de vos parents \/ grands-parents ? \u2705 Vous aimeriez avoir une trace \u00e9crite et tangible de votre histoire familiale ? \u27a1\ufe0f \u00c9crivaine et photographe, j&#8217;ai d\u00e9velopp\u00e9 un concept unique de livre biographie multim\u00e9dia pour faciliter la transmission familiale et interg\u00e9n\u00e9rationnelle. Un livre construit comme&hellip;","acf":[],"_links":{"self":[{"href":"https:\/\/www.giulia-larigaldie.com\/en\/wp-json\/wp\/v2\/posts\/2386","targetHints":{"allow":["GET"]}}],"collection":[{"href":"https:\/\/www.giulia-larigaldie.com\/en\/wp-json\/wp\/v2\/posts"}],"about":[{"href":"https:\/\/www.giulia-larigaldie.com\/en\/wp-json\/wp\/v2\/types\/post"}],"author":[{"embeddable":true,"href":"https:\/\/www.giulia-larigaldie.com\/en\/wp-json\/wp\/v2\/users\/2"}],"replies":[{"embeddable":true,"href":"https:\/\/www.giulia-larigaldie.com\/en\/wp-json\/wp\/v2\/comments?post=2386"}],"version-history":[{"count":2,"href":"https:\/\/www.giulia-larigaldie.com\/en\/wp-json\/wp\/v2\/posts\/2386\/revisions"}],"predecessor-version":[{"id":2388,"href":"https:\/\/www.giulia-larigaldie.com\/en\/wp-json\/wp\/v2\/posts\/2386\/revisions\/2388"}],"wp:featuredmedia":[{"embeddable":true,"href":"https:\/\/www.giulia-larigaldie.com\/en\/wp-json\/wp\/v2\/media\/2369"}],"wp:attachment":[{"href":"https:\/\/www.giulia-larigaldie.com\/en\/wp-json\/wp\/v2\/media?parent=2386"}],"wp:term":[{"taxonomy":"category","embeddable":true,"href":"https:\/\/www.giulia-larigaldie.com\/en\/wp-json\/wp\/v2\/categories?post=2386"},{"taxonomy":"post_tag","embeddable":true,"href":"https:\/\/www.giulia-larigaldie.com\/en\/wp-json\/wp\/v2\/tags?post=2386"}],"curies":[{"name":"wp","href":"https:\/\/api.w.org\/{rel}","templated":true}]}}