{"id":2552,"date":"2022-02-28T17:57:00","date_gmt":"2022-02-28T16:57:00","guid":{"rendered":"https:\/\/www.giulia-larigaldie.com\/?p=2552"},"modified":"2022-07-09T18:00:25","modified_gmt":"2022-07-09T16:00:25","slug":"%f0%9f%8e%ac-coulisses-de-mon-interview-avec-le-petit-journal-lindispensable-media-de-tout-francais-vivant-a-letranger-%f0%9f%8d%bf","status":"publish","type":"post","link":"https:\/\/www.giulia-larigaldie.com\/en\/%f0%9f%8e%ac-coulisses-de-mon-interview-avec-le-petit-journal-lindispensable-media-de-tout-francais-vivant-a-letranger-%f0%9f%8d%bf\/","title":{"rendered":"\ud83c\udfac&nbsp;Coulisses de mon interview avec Le Petit Journal, l\u2019indispensable media de tout fran\u00e7ais vivant \u00e0 l\u2019\u00e9tranger&nbsp;!&nbsp;\ud83c\udf7f"},"content":{"rendered":"\n<p>\ud83c\uddeb\ud83c\uddf7&nbsp;Fran\u00e7aise exil\u00e9e depuis plus de 20 ans, je suis abonn\u00e9e au Petit Journal qui m\u2019a suivi de Barcelone, en passant par Montr\u00e9al, Abu Dhabi, Bristol, Singapour, S\u00e9oul, New Delhi jusqu\u2019\u00e0 Munich aujourd\u2019hui \ud83c\uddea\ud83c\uddf8&nbsp;\ud83c\udde8\ud83c\udde6&nbsp;\ud83c\udde6\ud83c\uddea&nbsp;\ud83c\uddec\ud83c\udde7&nbsp;\ud83c\uddf8\ud83c\uddec&nbsp;\ud83c\uddf0\ud83c\uddf7&nbsp;\ud83c\uddee\ud83c\uddf3&nbsp;\ud83c\udde9\ud83c\uddea&nbsp;!<\/p>\n\n\n\n<p>Aussi, quand Le Petit Journal me propose une interview \u00e0 propos de mon roman \u00ab&nbsp;Et la vie reprit \u00e0 petites foul\u00e9es&nbsp;\u00bb, je suis ravie&nbsp;! It\u2019s like family&nbsp;!<\/p>\n\n\n\n<p>\ud83d\udc49 Interview par Capucine Taconet \u00e0 d\u00e9couvrir tr\u00e8s prochainement&nbsp;!<\/p>\n\n\n\n<p>@editionsjouvence @lepetitejournalmunich<\/p>\n","protected":false},"excerpt":{"rendered":"<p>\ud83c\uddeb\ud83c\uddf7&nbsp;Fran\u00e7aise exil\u00e9e depuis plus de 20 ans, je suis abonn\u00e9e au Petit Journal qui m\u2019a suivi de Barcelone, en passant par Montr\u00e9al, Abu Dhabi, Bristol, Singapour, S\u00e9oul, New Delhi jusqu\u2019\u00e0 Munich aujourd\u2019hui \ud83c\uddea\ud83c\uddf8&nbsp;\ud83c\udde8\ud83c\udde6&nbsp;\ud83c\udde6\ud83c\uddea&nbsp;\ud83c\uddec\ud83c\udde7&nbsp;\ud83c\uddf8\ud83c\uddec&nbsp;\ud83c\uddf0\ud83c\uddf7&nbsp;\ud83c\uddee\ud83c\uddf3&nbsp;\ud83c\udde9\ud83c\uddea&nbsp;! Aussi, quand Le Petit Journal me propose une interview \u00e0 propos de mon roman \u00ab&nbsp;Et la vie reprit \u00e0 petites foul\u00e9es&nbsp;\u00bb, je suis ravie&nbsp;! It\u2019s like family&nbsp;! \ud83d\udc49 Interview par Capucine Taconet \u00e0 d\u00e9couvrir tr\u00e8s prochainement&nbsp;! @editionsjouvence @lepetitejournalmunich<\/p>\n","protected":false},"author":2,"featured_media":2553,"comment_status":"open","ping_status":"open","sticky":false,"template":"","format":"standard","meta":{"_uag_custom_page_level_css":"","footnotes":""},"categories":[69,72,66,68,63,67,1],"tags":[],"class_list":["post-2552","post","type-post","status-publish","format-standard","has-post-thumbnail","hentry","category-ecriture-news","category-interview","category-news","category-photographie-news","category-roman","category-roman-news","category-ecriture"],"yoast_head":"<!-- This site is optimized with the Yoast SEO plugin v25.7 - https:\/\/yoast.com\/wordpress\/plugins\/seo\/ -->\n<title>\ud83c\udfac&nbsp;Coulisses de mon interview avec Le Petit Journal, l\u2019indispensable media de tout fran\u00e7ais vivant \u00e0 l\u2019\u00e9tranger&nbsp;!&nbsp;\ud83c\udf7f<\/title>\n<meta name=\"robots\" content=\"index, follow, max-snippet:-1, max-image-preview:large, max-video-preview:-1\" \/>\n<link rel=\"canonical\" href=\"https:\/\/www.giulia-larigaldie.com\/en\/\ud83c\udfac-coulisses-de-mon-interview-avec-le-petit-journal-lindispensable-media-de-tout-francais-vivant-a-letranger-\ud83c\udf7f\/\" \/>\n<meta property=\"og:locale\" content=\"en_GB\" \/>\n<meta property=\"og:locale:alternate\" content=\"fr_FR\" \/>\n<meta property=\"og:locale:alternate\" content=\"de_DE\" \/>\n<meta property=\"og:type\" content=\"article\" \/>\n<meta property=\"og:title\" content=\"\ud83c\udfac&nbsp;Coulisses de mon interview avec Le Petit Journal, l\u2019indispensable media de tout fran\u00e7ais vivant \u00e0 l\u2019\u00e9tranger&nbsp;!&nbsp;\ud83c\udf7f\" \/>\n<meta property=\"og:description\" content=\"\ud83c\uddeb\ud83c\uddf7&nbsp;Fran\u00e7aise exil\u00e9e depuis plus de 20 ans, je suis abonn\u00e9e au Petit Journal qui m\u2019a suivi de Barcelone, en passant par Montr\u00e9al, Abu Dhabi, Bristol, Singapour, S\u00e9oul, New Delhi jusqu\u2019\u00e0 Munich aujourd\u2019hui \ud83c\uddea\ud83c\uddf8&nbsp;\ud83c\udde8\ud83c\udde6&nbsp;\ud83c\udde6\ud83c\uddea&nbsp;\ud83c\uddec\ud83c\udde7&nbsp;\ud83c\uddf8\ud83c\uddec&nbsp;\ud83c\uddf0\ud83c\uddf7&nbsp;\ud83c\uddee\ud83c\uddf3&nbsp;\ud83c\udde9\ud83c\uddea&nbsp;! Aussi, quand Le Petit Journal me propose une interview \u00e0 propos de mon roman \u00ab&nbsp;Et la vie reprit \u00e0 petites foul\u00e9es&nbsp;\u00bb, je suis ravie&nbsp;! It\u2019s like family&nbsp;! \ud83d\udc49 Interview par Capucine Taconet \u00e0 d\u00e9couvrir tr\u00e8s prochainement&nbsp;! @editionsjouvence @lepetitejournalmunich\" \/>\n<meta property=\"og:url\" content=\"https:\/\/www.giulia-larigaldie.com\/en\/\ud83c\udfac-coulisses-de-mon-interview-avec-le-petit-journal-lindispensable-media-de-tout-francais-vivant-a-letranger-\ud83c\udf7f\/\" \/>\n<meta property=\"og:site_name\" content=\"Giulia Larigaldie\" \/>\n<meta property=\"article:published_time\" content=\"2022-02-28T16:57:00+00:00\" \/>\n<meta property=\"article:modified_time\" content=\"2022-07-09T16:00:25+00:00\" \/>\n<meta property=\"og:image\" content=\"https:\/\/www.giulia-larigaldie.com\/wp-content\/uploads\/2022\/07\/Elvrapf-Coulisse-interview-LPJ-1-1024x594.png\" \/>\n\t<meta property=\"og:image:width\" content=\"1024\" \/>\n\t<meta property=\"og:image:height\" content=\"594\" \/>\n\t<meta property=\"og:image:type\" content=\"image\/png\" \/>\n<meta name=\"author\" content=\"Giulia Larigaldie\" \/>\n<meta name=\"twitter:card\" content=\"summary_large_image\" \/>\n<meta name=\"twitter:label1\" content=\"Written by\" \/>\n\t<meta name=\"twitter:data1\" content=\"Giulia Larigaldie\" \/>\n\t<meta name=\"twitter:label2\" content=\"Estimated reading time\" \/>\n\t<meta name=\"twitter:data2\" content=\"1 minute\" \/>\n<script type=\"application\/ld+json\" class=\"yoast-schema-graph\">{\"@context\":\"https:\/\/schema.org\",\"@graph\":[{\"@type\":\"Article\",\"@id\":\"https:\/\/www.giulia-larigaldie.com\/%f0%9f%8e%ac-coulisses-de-mon-interview-avec-le-petit-journal-lindispensable-media-de-tout-francais-vivant-a-letranger-%f0%9f%8d%bf\/#article\",\"isPartOf\":{\"@id\":\"https:\/\/www.giulia-larigaldie.com\/%f0%9f%8e%ac-coulisses-de-mon-interview-avec-le-petit-journal-lindispensable-media-de-tout-francais-vivant-a-letranger-%f0%9f%8d%bf\/\"},\"author\":{\"name\":\"Giulia Larigaldie\",\"@id\":\"https:\/\/www.giulia-larigaldie.com\/#\/schema\/person\/7ea8f5903d7a93eb0545f285f871b58b\"},\"headline\":\"\ud83c\udfac&nbsp;Coulisses de mon interview avec Le Petit Journal, l\u2019indispensable media de tout fran\u00e7ais vivant \u00e0 l\u2019\u00e9tranger&nbsp;!&nbsp;\ud83c\udf7f\",\"datePublished\":\"2022-02-28T16:57:00+00:00\",\"dateModified\":\"2022-07-09T16:00:25+00:00\",\"mainEntityOfPage\":{\"@id\":\"https:\/\/www.giulia-larigaldie.com\/%f0%9f%8e%ac-coulisses-de-mon-interview-avec-le-petit-journal-lindispensable-media-de-tout-francais-vivant-a-letranger-%f0%9f%8d%bf\/\"},\"wordCount\":113,\"commentCount\":0,\"publisher\":{\"@id\":\"https:\/\/www.giulia-larigaldie.com\/#organization\"},\"image\":{\"@id\":\"https:\/\/www.giulia-larigaldie.com\/%f0%9f%8e%ac-coulisses-de-mon-interview-avec-le-petit-journal-lindispensable-media-de-tout-francais-vivant-a-letranger-%f0%9f%8d%bf\/#primaryimage\"},\"thumbnailUrl\":\"https:\/\/www.giulia-larigaldie.com\/wp-content\/uploads\/2022\/07\/Elvrapf-Coulisse-interview-LPJ-1.png\",\"articleSection\":[\"\u00c9criture\",\"Interview\",\"News\",\"Photographie\",\"Roman\",\"Roman\",\"\u00c9CRITURE\"],\"inLanguage\":\"en-GB\",\"potentialAction\":[{\"@type\":\"CommentAction\",\"name\":\"Comment\",\"target\":[\"https:\/\/www.giulia-larigaldie.com\/%f0%9f%8e%ac-coulisses-de-mon-interview-avec-le-petit-journal-lindispensable-media-de-tout-francais-vivant-a-letranger-%f0%9f%8d%bf\/#respond\"]}]},{\"@type\":\"WebPage\",\"@id\":\"https:\/\/www.giulia-larigaldie.com\/%f0%9f%8e%ac-coulisses-de-mon-interview-avec-le-petit-journal-lindispensable-media-de-tout-francais-vivant-a-letranger-%f0%9f%8d%bf\/\",\"url\":\"https:\/\/www.giulia-larigaldie.com\/%f0%9f%8e%ac-coulisses-de-mon-interview-avec-le-petit-journal-lindispensable-media-de-tout-francais-vivant-a-letranger-%f0%9f%8d%bf\/\",\"name\":\"\ud83c\udfac&nbsp;Coulisses de mon interview avec Le Petit Journal, l\u2019indispensable media de tout fran\u00e7ais vivant \u00e0 l\u2019\u00e9tranger&nbsp;!&nbsp;\ud83c\udf7f\",\"isPartOf\":{\"@id\":\"https:\/\/www.giulia-larigaldie.com\/#website\"},\"primaryImageOfPage\":{\"@id\":\"https:\/\/www.giulia-larigaldie.com\/%f0%9f%8e%ac-coulisses-de-mon-interview-avec-le-petit-journal-lindispensable-media-de-tout-francais-vivant-a-letranger-%f0%9f%8d%bf\/#primaryimage\"},\"image\":{\"@id\":\"https:\/\/www.giulia-larigaldie.com\/%f0%9f%8e%ac-coulisses-de-mon-interview-avec-le-petit-journal-lindispensable-media-de-tout-francais-vivant-a-letranger-%f0%9f%8d%bf\/#primaryimage\"},\"thumbnailUrl\":\"https:\/\/www.giulia-larigaldie.com\/wp-content\/uploads\/2022\/07\/Elvrapf-Coulisse-interview-LPJ-1.png\",\"datePublished\":\"2022-02-28T16:57:00+00:00\",\"dateModified\":\"2022-07-09T16:00:25+00:00\",\"breadcrumb\":{\"@id\":\"https:\/\/www.giulia-larigaldie.com\/%f0%9f%8e%ac-coulisses-de-mon-interview-avec-le-petit-journal-lindispensable-media-de-tout-francais-vivant-a-letranger-%f0%9f%8d%bf\/#breadcrumb\"},\"inLanguage\":\"en-GB\",\"potentialAction\":[{\"@type\":\"ReadAction\",\"target\":[\"https:\/\/www.giulia-larigaldie.com\/%f0%9f%8e%ac-coulisses-de-mon-interview-avec-le-petit-journal-lindispensable-media-de-tout-francais-vivant-a-letranger-%f0%9f%8d%bf\/\"]}]},{\"@type\":\"ImageObject\",\"inLanguage\":\"en-GB\",\"@id\":\"https:\/\/www.giulia-larigaldie.com\/%f0%9f%8e%ac-coulisses-de-mon-interview-avec-le-petit-journal-lindispensable-media-de-tout-francais-vivant-a-letranger-%f0%9f%8d%bf\/#primaryimage\",\"url\":\"https:\/\/www.giulia-larigaldie.com\/wp-content\/uploads\/2022\/07\/Elvrapf-Coulisse-interview-LPJ-1.png\",\"contentUrl\":\"https:\/\/www.giulia-larigaldie.com\/wp-content\/uploads\/2022\/07\/Elvrapf-Coulisse-interview-LPJ-1.png\",\"width\":2880,\"height\":1672},{\"@type\":\"BreadcrumbList\",\"@id\":\"https:\/\/www.giulia-larigaldie.com\/%f0%9f%8e%ac-coulisses-de-mon-interview-avec-le-petit-journal-lindispensable-media-de-tout-francais-vivant-a-letranger-%f0%9f%8d%bf\/#breadcrumb\",\"itemListElement\":[{\"@type\":\"ListItem\",\"position\":1,\"name\":\"Accueil\",\"item\":\"https:\/\/www.giulia-larigaldie.com\/\"},{\"@type\":\"ListItem\",\"position\":2,\"name\":\"\ud83c\udfac&nbsp;Coulisses de mon interview avec Le Petit Journal, l\u2019indispensable media de tout fran\u00e7ais vivant \u00e0 l\u2019\u00e9tranger&nbsp;!&nbsp;\ud83c\udf7f\"}]},{\"@type\":\"WebSite\",\"@id\":\"https:\/\/www.giulia-larigaldie.com\/#website\",\"url\":\"https:\/\/www.giulia-larigaldie.com\/\",\"name\":\"Giulia Larigaldie\",\"description\":\"\u00c9criture & photographie\",\"publisher\":{\"@id\":\"https:\/\/www.giulia-larigaldie.com\/#organization\"},\"potentialAction\":[{\"@type\":\"SearchAction\",\"target\":{\"@type\":\"EntryPoint\",\"urlTemplate\":\"https:\/\/www.giulia-larigaldie.com\/?s={search_term_string}\"},\"query-input\":{\"@type\":\"PropertyValueSpecification\",\"valueRequired\":true,\"valueName\":\"search_term_string\"}}],\"inLanguage\":\"en-GB\"},{\"@type\":\"Organization\",\"@id\":\"https:\/\/www.giulia-larigaldie.com\/#organization\",\"name\":\"Giulia Larigaldie\",\"url\":\"https:\/\/www.giulia-larigaldie.com\/\",\"logo\":{\"@type\":\"ImageObject\",\"inLanguage\":\"en-GB\",\"@id\":\"https:\/\/www.giulia-larigaldie.com\/#\/schema\/logo\/image\/\",\"url\":\"https:\/\/www.giulia-larigaldie.com\/wp-content\/uploads\/2020\/01\/cropped-logo-tres-petit-1.png\",\"contentUrl\":\"https:\/\/www.giulia-larigaldie.com\/wp-content\/uploads\/2020\/01\/cropped-logo-tres-petit-1.png\",\"width\":485,\"height\":216,\"caption\":\"Giulia Larigaldie\"},\"image\":{\"@id\":\"https:\/\/www.giulia-larigaldie.com\/#\/schema\/logo\/image\/\"}},{\"@type\":\"Person\",\"@id\":\"https:\/\/www.giulia-larigaldie.com\/#\/schema\/person\/7ea8f5903d7a93eb0545f285f871b58b\",\"name\":\"Giulia Larigaldie\",\"image\":{\"@type\":\"ImageObject\",\"inLanguage\":\"en-GB\",\"@id\":\"https:\/\/www.giulia-larigaldie.com\/#\/schema\/person\/image\/\",\"url\":\"https:\/\/secure.gravatar.com\/avatar\/1206d94e433482003e0c67627b1aea00af0c184ff4d600f0dbc5a61558e91de7?s=96&d=mm&r=g\",\"contentUrl\":\"https:\/\/secure.gravatar.com\/avatar\/1206d94e433482003e0c67627b1aea00af0c184ff4d600f0dbc5a61558e91de7?s=96&d=mm&r=g\",\"caption\":\"Giulia Larigaldie\"},\"sameAs\":[\"http:\/\/www.giulia-larigaldie.com\"],\"url\":\"https:\/\/www.giulia-larigaldie.com\/en\/author\/giulia\/\"}]}<\/script>\n<!-- \/ Yoast SEO plugin. -->","yoast_head_json":{"title":"\ud83c\udfac&nbsp;Coulisses de mon interview avec Le Petit Journal, l\u2019indispensable media de tout fran\u00e7ais vivant \u00e0 l\u2019\u00e9tranger&nbsp;!&nbsp;\ud83c\udf7f","robots":{"index":"index","follow":"follow","max-snippet":"max-snippet:-1","max-image-preview":"max-image-preview:large","max-video-preview":"max-video-preview:-1"},"canonical":"https:\/\/www.giulia-larigaldie.com\/en\/\ud83c\udfac-coulisses-de-mon-interview-avec-le-petit-journal-lindispensable-media-de-tout-francais-vivant-a-letranger-\ud83c\udf7f\/","og_locale":"en_GB","og_type":"article","og_title":"[:fr]\ud83c\udfac&nbsp;Coulisses de mon interview avec Le Petit Journal, l\u2019indispensable media de tout fran\u00e7ais vivant \u00e0 l\u2019\u00e9tranger&nbsp;!&nbsp;\ud83c\udf7f[:] - Giulia Larigaldie","og_description":"\ud83c\uddeb\ud83c\uddf7&nbsp;Fran\u00e7aise exil\u00e9e depuis plus de 20 ans, je suis abonn\u00e9e au Petit Journal qui m\u2019a suivi de Barcelone, en passant par Montr\u00e9al, Abu Dhabi, Bristol, Singapour, S\u00e9oul, New Delhi jusqu\u2019\u00e0 Munich aujourd\u2019hui \ud83c\uddea\ud83c\uddf8&nbsp;\ud83c\udde8\ud83c\udde6&nbsp;\ud83c\udde6\ud83c\uddea&nbsp;\ud83c\uddec\ud83c\udde7&nbsp;\ud83c\uddf8\ud83c\uddec&nbsp;\ud83c\uddf0\ud83c\uddf7&nbsp;\ud83c\uddee\ud83c\uddf3&nbsp;\ud83c\udde9\ud83c\uddea&nbsp;! Aussi, quand Le Petit Journal me propose une interview \u00e0 propos de mon roman \u00ab&nbsp;Et la vie reprit \u00e0 petites foul\u00e9es&nbsp;\u00bb, je suis ravie&nbsp;! It\u2019s like family&nbsp;! \ud83d\udc49 Interview par Capucine Taconet \u00e0 d\u00e9couvrir tr\u00e8s prochainement&nbsp;! @editionsjouvence @lepetitejournalmunich","og_url":"https:\/\/www.giulia-larigaldie.com\/en\/\ud83c\udfac-coulisses-de-mon-interview-avec-le-petit-journal-lindispensable-media-de-tout-francais-vivant-a-letranger-\ud83c\udf7f\/","og_site_name":"Giulia Larigaldie","article_published_time":"2022-02-28T16:57:00+00:00","article_modified_time":"2022-07-09T16:00:25+00:00","og_image":[{"width":1024,"height":594,"url":"https:\/\/www.giulia-larigaldie.com\/wp-content\/uploads\/2022\/07\/Elvrapf-Coulisse-interview-LPJ-1-1024x594.png","type":"image\/png"}],"author":"Giulia Larigaldie","twitter_card":"summary_large_image","twitter_misc":{"Written by":"Giulia Larigaldie","Estimated reading time":"1 minute"},"schema":{"@context":"https:\/\/schema.org","@graph":[{"@type":"Article","@id":"https:\/\/www.giulia-larigaldie.com\/%f0%9f%8e%ac-coulisses-de-mon-interview-avec-le-petit-journal-lindispensable-media-de-tout-francais-vivant-a-letranger-%f0%9f%8d%bf\/#article","isPartOf":{"@id":"https:\/\/www.giulia-larigaldie.com\/%f0%9f%8e%ac-coulisses-de-mon-interview-avec-le-petit-journal-lindispensable-media-de-tout-francais-vivant-a-letranger-%f0%9f%8d%bf\/"},"author":{"name":"Giulia Larigaldie","@id":"https:\/\/www.giulia-larigaldie.com\/#\/schema\/person\/7ea8f5903d7a93eb0545f285f871b58b"},"headline":"\ud83c\udfac&nbsp;Coulisses de mon interview avec Le Petit Journal, l\u2019indispensable media de tout fran\u00e7ais vivant \u00e0 l\u2019\u00e9tranger&nbsp;!&nbsp;\ud83c\udf7f","datePublished":"2022-02-28T16:57:00+00:00","dateModified":"2022-07-09T16:00:25+00:00","mainEntityOfPage":{"@id":"https:\/\/www.giulia-larigaldie.com\/%f0%9f%8e%ac-coulisses-de-mon-interview-avec-le-petit-journal-lindispensable-media-de-tout-francais-vivant-a-letranger-%f0%9f%8d%bf\/"},"wordCount":113,"commentCount":0,"publisher":{"@id":"https:\/\/www.giulia-larigaldie.com\/#organization"},"image":{"@id":"https:\/\/www.giulia-larigaldie.com\/%f0%9f%8e%ac-coulisses-de-mon-interview-avec-le-petit-journal-lindispensable-media-de-tout-francais-vivant-a-letranger-%f0%9f%8d%bf\/#primaryimage"},"thumbnailUrl":"https:\/\/www.giulia-larigaldie.com\/wp-content\/uploads\/2022\/07\/Elvrapf-Coulisse-interview-LPJ-1.png","articleSection":["\u00c9criture","Interview","News","Photographie","Roman","Roman","\u00c9CRITURE"],"inLanguage":"en-GB","potentialAction":[{"@type":"CommentAction","name":"Comment","target":["https:\/\/www.giulia-larigaldie.com\/%f0%9f%8e%ac-coulisses-de-mon-interview-avec-le-petit-journal-lindispensable-media-de-tout-francais-vivant-a-letranger-%f0%9f%8d%bf\/#respond"]}]},{"@type":"WebPage","@id":"https:\/\/www.giulia-larigaldie.com\/%f0%9f%8e%ac-coulisses-de-mon-interview-avec-le-petit-journal-lindispensable-media-de-tout-francais-vivant-a-letranger-%f0%9f%8d%bf\/","url":"https:\/\/www.giulia-larigaldie.com\/%f0%9f%8e%ac-coulisses-de-mon-interview-avec-le-petit-journal-lindispensable-media-de-tout-francais-vivant-a-letranger-%f0%9f%8d%bf\/","name":"\ud83c\udfac&nbsp;Coulisses de mon interview avec Le Petit Journal, l\u2019indispensable media de tout fran\u00e7ais vivant \u00e0 l\u2019\u00e9tranger&nbsp;!&nbsp;\ud83c\udf7f","isPartOf":{"@id":"https:\/\/www.giulia-larigaldie.com\/#website"},"primaryImageOfPage":{"@id":"https:\/\/www.giulia-larigaldie.com\/%f0%9f%8e%ac-coulisses-de-mon-interview-avec-le-petit-journal-lindispensable-media-de-tout-francais-vivant-a-letranger-%f0%9f%8d%bf\/#primaryimage"},"image":{"@id":"https:\/\/www.giulia-larigaldie.com\/%f0%9f%8e%ac-coulisses-de-mon-interview-avec-le-petit-journal-lindispensable-media-de-tout-francais-vivant-a-letranger-%f0%9f%8d%bf\/#primaryimage"},"thumbnailUrl":"https:\/\/www.giulia-larigaldie.com\/wp-content\/uploads\/2022\/07\/Elvrapf-Coulisse-interview-LPJ-1.png","datePublished":"2022-02-28T16:57:00+00:00","dateModified":"2022-07-09T16:00:25+00:00","breadcrumb":{"@id":"https:\/\/www.giulia-larigaldie.com\/%f0%9f%8e%ac-coulisses-de-mon-interview-avec-le-petit-journal-lindispensable-media-de-tout-francais-vivant-a-letranger-%f0%9f%8d%bf\/#breadcrumb"},"inLanguage":"en-GB","potentialAction":[{"@type":"ReadAction","target":["https:\/\/www.giulia-larigaldie.com\/%f0%9f%8e%ac-coulisses-de-mon-interview-avec-le-petit-journal-lindispensable-media-de-tout-francais-vivant-a-letranger-%f0%9f%8d%bf\/"]}]},{"@type":"ImageObject","inLanguage":"en-GB","@id":"https:\/\/www.giulia-larigaldie.com\/%f0%9f%8e%ac-coulisses-de-mon-interview-avec-le-petit-journal-lindispensable-media-de-tout-francais-vivant-a-letranger-%f0%9f%8d%bf\/#primaryimage","url":"https:\/\/www.giulia-larigaldie.com\/wp-content\/uploads\/2022\/07\/Elvrapf-Coulisse-interview-LPJ-1.png","contentUrl":"https:\/\/www.giulia-larigaldie.com\/wp-content\/uploads\/2022\/07\/Elvrapf-Coulisse-interview-LPJ-1.png","width":2880,"height":1672},{"@type":"BreadcrumbList","@id":"https:\/\/www.giulia-larigaldie.com\/%f0%9f%8e%ac-coulisses-de-mon-interview-avec-le-petit-journal-lindispensable-media-de-tout-francais-vivant-a-letranger-%f0%9f%8d%bf\/#breadcrumb","itemListElement":[{"@type":"ListItem","position":1,"name":"Accueil","item":"https:\/\/www.giulia-larigaldie.com\/"},{"@type":"ListItem","position":2,"name":"\ud83c\udfac&nbsp;Coulisses de mon interview avec Le Petit Journal, l\u2019indispensable media de tout fran\u00e7ais vivant \u00e0 l\u2019\u00e9tranger&nbsp;!&nbsp;\ud83c\udf7f"}]},{"@type":"WebSite","@id":"https:\/\/www.giulia-larigaldie.com\/#website","url":"https:\/\/www.giulia-larigaldie.com\/","name":"Giulia Larigaldie","description":"\u00c9criture & photographie","publisher":{"@id":"https:\/\/www.giulia-larigaldie.com\/#organization"},"potentialAction":[{"@type":"SearchAction","target":{"@type":"EntryPoint","urlTemplate":"https:\/\/www.giulia-larigaldie.com\/?s={search_term_string}"},"query-input":{"@type":"PropertyValueSpecification","valueRequired":true,"valueName":"search_term_string"}}],"inLanguage":"en-GB"},{"@type":"Organization","@id":"https:\/\/www.giulia-larigaldie.com\/#organization","name":"Giulia Larigaldie","url":"https:\/\/www.giulia-larigaldie.com\/","logo":{"@type":"ImageObject","inLanguage":"en-GB","@id":"https:\/\/www.giulia-larigaldie.com\/#\/schema\/logo\/image\/","url":"https:\/\/www.giulia-larigaldie.com\/wp-content\/uploads\/2020\/01\/cropped-logo-tres-petit-1.png","contentUrl":"https:\/\/www.giulia-larigaldie.com\/wp-content\/uploads\/2020\/01\/cropped-logo-tres-petit-1.png","width":485,"height":216,"caption":"Giulia Larigaldie"},"image":{"@id":"https:\/\/www.giulia-larigaldie.com\/#\/schema\/logo\/image\/"}},{"@type":"Person","@id":"https:\/\/www.giulia-larigaldie.com\/#\/schema\/person\/7ea8f5903d7a93eb0545f285f871b58b","name":"Giulia Larigaldie","image":{"@type":"ImageObject","inLanguage":"en-GB","@id":"https:\/\/www.giulia-larigaldie.com\/#\/schema\/person\/image\/","url":"https:\/\/secure.gravatar.com\/avatar\/1206d94e433482003e0c67627b1aea00af0c184ff4d600f0dbc5a61558e91de7?s=96&d=mm&r=g","contentUrl":"https:\/\/secure.gravatar.com\/avatar\/1206d94e433482003e0c67627b1aea00af0c184ff4d600f0dbc5a61558e91de7?s=96&d=mm&r=g","caption":"Giulia Larigaldie"},"sameAs":["http:\/\/www.giulia-larigaldie.com"],"url":"https:\/\/www.giulia-larigaldie.com\/en\/author\/giulia\/"}]}},"uagb_featured_image_src":{"full":["https:\/\/www.giulia-larigaldie.com\/wp-content\/uploads\/2022\/07\/Elvrapf-Coulisse-interview-LPJ-1.png",2880,1672,false],"thumbnail":["https:\/\/www.giulia-larigaldie.com\/wp-content\/uploads\/2022\/07\/Elvrapf-Coulisse-interview-LPJ-1-150x150.png",150,150,true],"medium":["https:\/\/www.giulia-larigaldie.com\/wp-content\/uploads\/2022\/07\/Elvrapf-Coulisse-interview-LPJ-1-300x174.png",300,174,true],"medium_large":["https:\/\/www.giulia-larigaldie.com\/wp-content\/uploads\/2022\/07\/Elvrapf-Coulisse-interview-LPJ-1-768x446.png",768,446,true],"large":["https:\/\/www.giulia-larigaldie.com\/wp-content\/uploads\/2022\/07\/Elvrapf-Coulisse-interview-LPJ-1-1024x594.png",960,557,true],"1536x1536":["https:\/\/www.giulia-larigaldie.com\/wp-content\/uploads\/2022\/07\/Elvrapf-Coulisse-interview-LPJ-1-1536x892.png",1536,892,true],"2048x2048":["https:\/\/www.giulia-larigaldie.com\/wp-content\/uploads\/2022\/07\/Elvrapf-Coulisse-interview-LPJ-1-2048x1189.png",2048,1189,true],"bard-slider-grid-thumbnail":["https:\/\/www.giulia-larigaldie.com\/wp-content\/uploads\/2022\/07\/Elvrapf-Coulisse-interview-LPJ-1-1160x590.png",1160,590,true],"bard-full-thumbnail":["https:\/\/www.giulia-larigaldie.com\/wp-content\/uploads\/2022\/07\/Elvrapf-Coulisse-interview-LPJ-1-1000x581.png",1000,581,true],"bard-grid-thumbnail":["https:\/\/www.giulia-larigaldie.com\/wp-content\/uploads\/2022\/07\/Elvrapf-Coulisse-interview-LPJ-1-500x380.png",500,380,true],"bard-list-thumbnail":["https:\/\/www.giulia-larigaldie.com\/wp-content\/uploads\/2022\/07\/Elvrapf-Coulisse-interview-LPJ-1-300x300.png",300,300,true],"bard-single-navigation":["https:\/\/www.giulia-larigaldie.com\/wp-content\/uploads\/2022\/07\/Elvrapf-Coulisse-interview-LPJ-1-75x75.png",75,75,true]},"uagb_author_info":{"display_name":"Giulia Larigaldie","author_link":"https:\/\/www.giulia-larigaldie.com\/en\/author\/giulia\/"},"uagb_comment_info":0,"uagb_excerpt":"\ud83c\uddeb\ud83c\uddf7&nbsp;Fran\u00e7aise exil\u00e9e depuis plus de 20 ans, je suis abonn\u00e9e au Petit Journal qui m\u2019a suivi de Barcelone, en passant par Montr\u00e9al, Abu Dhabi, Bristol, Singapour, S\u00e9oul, New Delhi jusqu\u2019\u00e0 Munich aujourd\u2019hui \ud83c\uddea\ud83c\uddf8&nbsp;\ud83c\udde8\ud83c\udde6&nbsp;\ud83c\udde6\ud83c\uddea&nbsp;\ud83c\uddec\ud83c\udde7&nbsp;\ud83c\uddf8\ud83c\uddec&nbsp;\ud83c\uddf0\ud83c\uddf7&nbsp;\ud83c\uddee\ud83c\uddf3&nbsp;\ud83c\udde9\ud83c\uddea&nbsp;! Aussi, quand Le Petit Journal me propose une interview \u00e0 propos de mon roman \u00ab&nbsp;Et la vie reprit \u00e0 petites foul\u00e9es&nbsp;\u00bb, je&hellip;","acf":[],"_links":{"self":[{"href":"https:\/\/www.giulia-larigaldie.com\/en\/wp-json\/wp\/v2\/posts\/2552","targetHints":{"allow":["GET"]}}],"collection":[{"href":"https:\/\/www.giulia-larigaldie.com\/en\/wp-json\/wp\/v2\/posts"}],"about":[{"href":"https:\/\/www.giulia-larigaldie.com\/en\/wp-json\/wp\/v2\/types\/post"}],"author":[{"embeddable":true,"href":"https:\/\/www.giulia-larigaldie.com\/en\/wp-json\/wp\/v2\/users\/2"}],"replies":[{"embeddable":true,"href":"https:\/\/www.giulia-larigaldie.com\/en\/wp-json\/wp\/v2\/comments?post=2552"}],"version-history":[{"count":2,"href":"https:\/\/www.giulia-larigaldie.com\/en\/wp-json\/wp\/v2\/posts\/2552\/revisions"}],"predecessor-version":[{"id":2555,"href":"https:\/\/www.giulia-larigaldie.com\/en\/wp-json\/wp\/v2\/posts\/2552\/revisions\/2555"}],"wp:featuredmedia":[{"embeddable":true,"href":"https:\/\/www.giulia-larigaldie.com\/en\/wp-json\/wp\/v2\/media\/2553"}],"wp:attachment":[{"href":"https:\/\/www.giulia-larigaldie.com\/en\/wp-json\/wp\/v2\/media?parent=2552"}],"wp:term":[{"taxonomy":"category","embeddable":true,"href":"https:\/\/www.giulia-larigaldie.com\/en\/wp-json\/wp\/v2\/categories?post=2552"},{"taxonomy":"post_tag","embeddable":true,"href":"https:\/\/www.giulia-larigaldie.com\/en\/wp-json\/wp\/v2\/tags?post=2552"}],"curies":[{"name":"wp","href":"https:\/\/api.w.org\/{rel}","templated":true}]}}