{"id":2595,"date":"2022-05-25T17:23:00","date_gmt":"2022-05-25T15:23:00","guid":{"rendered":"https:\/\/www.giulia-larigaldie.com\/?p=2595"},"modified":"2022-07-11T17:27:56","modified_gmt":"2022-07-11T15:27:56","slug":"%f0%9f%8e%81-quand-et-la-vie-reprit-a-petites-foulees-passe-en-live-a","status":"publish","type":"post","link":"https:\/\/www.giulia-larigaldie.com\/en\/%f0%9f%8e%81-quand-et-la-vie-reprit-a-petites-foulees-passe-en-live-a\/","title":{"rendered":"\ud83c\udf81 Quand \u00ab Et la vie reprit \u00e0 petites foul\u00e9es \u00bb passe en live \u00e0\u2026<br><br>"},"content":{"rendered":"\n<p>\u2753\ud83d\ude2c \u00c0 votre avis, je faisais quoi dans le jardin, me pelant de froid, mercredi dernier \u00e0 4h30 du matin ? \ud83d\ude33<\/p>\n\n\n\n<p>\ud83d\ude01 Je vivais une nouvelle exp\u00e9rience, tr\u00e8s agr\u00e9able et sympathique (malgr\u00e9 l\u2019heure un peu brutale \ud83e\udd2a) !<\/p>\n\n\n\n<p>\ud83d\udc49 Vous voulez en savoir plus ? Voici le lien vers l\u2019enregistrement en live avec @j\u00e9roe dans son \u00e9mission @rtl petit matin.<\/p>\n\n\n\n<p>\ud83d\udc96 Nous y avons abord\u00e9 l&#8217;expatriation et la naissance de mon premier roman &#8220;Et la vie reprit \u00e0 petites foul\u00e9es&#8221; rep\u00e9r\u00e9 par @librinova et publi\u00e9 par les \u00c9ditions Jouvence. Une jolie rencontre, beaucoup d\u2019ouverture et de curiosit\u00e9 chez Florent et une \u00e9quipe derri\u00e8re lui sympathique et tr\u00e8s \u00ab pro \u00bb : de Kelly pour la pr\u00e9paration, jusqu\u2019\u00e0 toutes les personnes au t\u00e9l\u00e9phone.<\/p>\n\n\n\n<p>\ud83d\ude4f Merci \u00e0 RTL Petit Matin ! \ud83e\udd29<\/p>\n\n\n\n<p><a href=\"https:\/\/www.rtl.fr\/programmes\/rtl-petit-matin\/7900155515-rtl-petit-matin-du-18-mai-2022\" target=\"_blank\" rel=\"noreferrer noopener\">Cliquez ici pour entendre l&#8217;interview.<\/a> Il faut \u00e9couter entre la minute 13 et la minute 21.<\/p>\n\n\n\n<p><a href=\"https:\/\/www.rtl.fr\/programmes\/rtl-petit-matin\/7900155515-rtl-petit-matin-du-18-mai-2022\">https:\/\/www.rtl.fr\/programmes\/rtl-petit-matin\/7900155515-rtl-petit-matin-du-18-mai-2022<\/a><\/p>\n","protected":false},"excerpt":{"rendered":"<p>\u2753\ud83d\ude2c \u00c0 votre avis, je faisais quoi dans le jardin, me pelant de froid, mercredi dernier \u00e0 4h30 du matin ? \ud83d\ude33 \ud83d\ude01 Je vivais une nouvelle exp\u00e9rience, tr\u00e8s agr\u00e9able et sympathique (malgr\u00e9 l\u2019heure un peu brutale \ud83e\udd2a) ! \ud83d\udc49 Vous voulez en savoir plus ? Voici le lien vers l\u2019enregistrement en live avec @j\u00e9roe dans son \u00e9mission @rtl petit matin. \ud83d\udc96 Nous y avons abord\u00e9 l&#8217;expatriation et la naissance de mon premier roman &#8220;Et la vie reprit \u00e0 petites foul\u00e9es&#8221; rep\u00e9r\u00e9 par @librinova et publi\u00e9 par les \u00c9ditions Jouvence. Une jolie rencontre, beaucoup d\u2019ouverture et de curiosit\u00e9 chez Florent et une \u00e9quipe derri\u00e8re lui sympathique et tr\u00e8s \u00ab pro \u00bb : de Kelly pour la pr\u00e9paration, jusqu\u2019\u00e0 toutes les personnes au t\u00e9l\u00e9phone. \ud83d\ude4f Merci \u00e0 RTL Petit Matin ! \ud83e\udd29 Cliquez ici pour entendre l&#8217;interview. Il faut \u00e9couter entre la minute 13 et la minute 21. https:\/\/www.rtl.fr\/programmes\/rtl-petit-matin\/7900155515-rtl-petit-matin-du-18-mai-2022<\/p>\n","protected":false},"author":2,"featured_media":2597,"comment_status":"open","ping_status":"open","sticky":false,"template":"","format":"standard","meta":{"_uag_custom_page_level_css":"","footnotes":""},"categories":[69,72,70,66,68,59,63,67,1],"tags":[],"class_list":["post-2595","post","type-post","status-publish","format-standard","has-post-thumbnail","hentry","category-ecriture-news","category-interview","category-livre-memoire-news","category-news","category-photographie-news","category-photographie","category-roman","category-roman-news","category-ecriture"],"yoast_head":"<!-- This site is optimized with the Yoast SEO plugin v25.7 - https:\/\/yoast.com\/wordpress\/plugins\/seo\/ -->\n<title>\ud83c\udf81 Quand \u00ab Et la vie reprit \u00e0 petites foul\u00e9es \u00bb passe en live \u00e0\u2026<\/title>\n<meta name=\"robots\" content=\"index, follow, max-snippet:-1, max-image-preview:large, max-video-preview:-1\" \/>\n<link rel=\"canonical\" href=\"https:\/\/www.giulia-larigaldie.com\/en\/\ud83c\udf81-quand-et-la-vie-reprit-a-petites-foulees-passe-en-live-a\/\" \/>\n<meta property=\"og:locale\" content=\"en_GB\" \/>\n<meta property=\"og:locale:alternate\" content=\"fr_FR\" \/>\n<meta property=\"og:locale:alternate\" content=\"de_DE\" \/>\n<meta property=\"og:type\" content=\"article\" \/>\n<meta property=\"og:title\" content=\"\ud83c\udf81 Quand \u00ab Et la vie reprit \u00e0 petites foul\u00e9es \u00bb passe en live \u00e0\u2026\" \/>\n<meta property=\"og:description\" content=\"\u2753\ud83d\ude2c \u00c0 votre avis, je faisais quoi dans le jardin, me pelant de froid, mercredi dernier \u00e0 4h30 du matin ? \ud83d\ude33 \ud83d\ude01 Je vivais une nouvelle exp\u00e9rience, tr\u00e8s agr\u00e9able et sympathique (malgr\u00e9 l\u2019heure un peu brutale \ud83e\udd2a) ! \ud83d\udc49 Vous voulez en savoir plus ? Voici le lien vers l\u2019enregistrement en live avec @j\u00e9roe dans son \u00e9mission @rtl petit matin. \ud83d\udc96 Nous y avons abord\u00e9 l&#8217;expatriation et la naissance de mon premier roman &#8220;Et la vie reprit \u00e0 petites foul\u00e9es&#8221; rep\u00e9r\u00e9 par @librinova et publi\u00e9 par les \u00c9ditions Jouvence. Une jolie rencontre, beaucoup d\u2019ouverture et de curiosit\u00e9 chez Florent et une \u00e9quipe derri\u00e8re lui sympathique et tr\u00e8s \u00ab pro \u00bb : de Kelly pour la pr\u00e9paration, jusqu\u2019\u00e0 toutes les personnes au t\u00e9l\u00e9phone. \ud83d\ude4f Merci \u00e0 RTL Petit Matin ! \ud83e\udd29 Cliquez ici pour entendre l&#8217;interview. Il faut \u00e9couter entre la minute 13 et la minute 21. https:\/\/www.rtl.fr\/programmes\/rtl-petit-matin\/7900155515-rtl-petit-matin-du-18-mai-2022\" \/>\n<meta property=\"og:url\" content=\"https:\/\/www.giulia-larigaldie.com\/en\/\ud83c\udf81-quand-et-la-vie-reprit-a-petites-foulees-passe-en-live-a\/\" \/>\n<meta property=\"og:site_name\" content=\"Giulia Larigaldie\" \/>\n<meta property=\"article:published_time\" content=\"2022-05-25T15:23:00+00:00\" \/>\n<meta property=\"article:modified_time\" content=\"2022-07-11T15:27:56+00:00\" \/>\n<meta property=\"og:image\" content=\"https:\/\/www.giulia-larigaldie.com\/wp-content\/uploads\/2022\/07\/Elvrapf-RTL-Petit-Matin-Live.png\" \/>\n\t<meta property=\"og:image:width\" content=\"2676\" \/>\n\t<meta property=\"og:image:height\" content=\"1162\" \/>\n\t<meta property=\"og:image:type\" content=\"image\/png\" \/>\n<meta name=\"author\" content=\"Giulia Larigaldie\" \/>\n<meta name=\"twitter:card\" content=\"summary_large_image\" \/>\n<meta name=\"twitter:label1\" content=\"Written by\" \/>\n\t<meta name=\"twitter:data1\" content=\"Giulia Larigaldie\" \/>\n\t<meta name=\"twitter:label2\" content=\"Estimated reading time\" \/>\n\t<meta name=\"twitter:data2\" content=\"1 minute\" \/>\n<script type=\"application\/ld+json\" class=\"yoast-schema-graph\">{\"@context\":\"https:\/\/schema.org\",\"@graph\":[{\"@type\":\"Article\",\"@id\":\"https:\/\/www.giulia-larigaldie.com\/%f0%9f%8e%81-quand-et-la-vie-reprit-a-petites-foulees-passe-en-live-a\/#article\",\"isPartOf\":{\"@id\":\"https:\/\/www.giulia-larigaldie.com\/%f0%9f%8e%81-quand-et-la-vie-reprit-a-petites-foulees-passe-en-live-a\/\"},\"author\":{\"name\":\"Giulia Larigaldie\",\"@id\":\"https:\/\/www.giulia-larigaldie.com\/#\/schema\/person\/7ea8f5903d7a93eb0545f285f871b58b\"},\"headline\":\"\ud83c\udf81 Quand \u00ab Et la vie reprit \u00e0 petites foul\u00e9es \u00bb passe en live \u00e0\u2026\",\"datePublished\":\"2022-05-25T15:23:00+00:00\",\"dateModified\":\"2022-07-11T15:27:56+00:00\",\"mainEntityOfPage\":{\"@id\":\"https:\/\/www.giulia-larigaldie.com\/%f0%9f%8e%81-quand-et-la-vie-reprit-a-petites-foulees-passe-en-live-a\/\"},\"wordCount\":161,\"commentCount\":0,\"publisher\":{\"@id\":\"https:\/\/www.giulia-larigaldie.com\/#organization\"},\"image\":{\"@id\":\"https:\/\/www.giulia-larigaldie.com\/%f0%9f%8e%81-quand-et-la-vie-reprit-a-petites-foulees-passe-en-live-a\/#primaryimage\"},\"thumbnailUrl\":\"https:\/\/www.giulia-larigaldie.com\/wp-content\/uploads\/2022\/07\/Elvrapf-RTL-Petit-Matin-Live.png\",\"articleSection\":[\"\u00c9criture\",\"Interview\",\"Livre-M\u00e9moire\",\"News\",\"Photographie\",\"Photographie\",\"Roman\",\"Roman\",\"\u00c9CRITURE\"],\"inLanguage\":\"en-GB\",\"potentialAction\":[{\"@type\":\"CommentAction\",\"name\":\"Comment\",\"target\":[\"https:\/\/www.giulia-larigaldie.com\/%f0%9f%8e%81-quand-et-la-vie-reprit-a-petites-foulees-passe-en-live-a\/#respond\"]}]},{\"@type\":\"WebPage\",\"@id\":\"https:\/\/www.giulia-larigaldie.com\/%f0%9f%8e%81-quand-et-la-vie-reprit-a-petites-foulees-passe-en-live-a\/\",\"url\":\"https:\/\/www.giulia-larigaldie.com\/%f0%9f%8e%81-quand-et-la-vie-reprit-a-petites-foulees-passe-en-live-a\/\",\"name\":\"\ud83c\udf81 Quand \u00ab Et la vie reprit \u00e0 petites foul\u00e9es \u00bb passe en live \u00e0\u2026\",\"isPartOf\":{\"@id\":\"https:\/\/www.giulia-larigaldie.com\/#website\"},\"primaryImageOfPage\":{\"@id\":\"https:\/\/www.giulia-larigaldie.com\/%f0%9f%8e%81-quand-et-la-vie-reprit-a-petites-foulees-passe-en-live-a\/#primaryimage\"},\"image\":{\"@id\":\"https:\/\/www.giulia-larigaldie.com\/%f0%9f%8e%81-quand-et-la-vie-reprit-a-petites-foulees-passe-en-live-a\/#primaryimage\"},\"thumbnailUrl\":\"https:\/\/www.giulia-larigaldie.com\/wp-content\/uploads\/2022\/07\/Elvrapf-RTL-Petit-Matin-Live.png\",\"datePublished\":\"2022-05-25T15:23:00+00:00\",\"dateModified\":\"2022-07-11T15:27:56+00:00\",\"breadcrumb\":{\"@id\":\"https:\/\/www.giulia-larigaldie.com\/%f0%9f%8e%81-quand-et-la-vie-reprit-a-petites-foulees-passe-en-live-a\/#breadcrumb\"},\"inLanguage\":\"en-GB\",\"potentialAction\":[{\"@type\":\"ReadAction\",\"target\":[\"https:\/\/www.giulia-larigaldie.com\/%f0%9f%8e%81-quand-et-la-vie-reprit-a-petites-foulees-passe-en-live-a\/\"]}]},{\"@type\":\"ImageObject\",\"inLanguage\":\"en-GB\",\"@id\":\"https:\/\/www.giulia-larigaldie.com\/%f0%9f%8e%81-quand-et-la-vie-reprit-a-petites-foulees-passe-en-live-a\/#primaryimage\",\"url\":\"https:\/\/www.giulia-larigaldie.com\/wp-content\/uploads\/2022\/07\/Elvrapf-RTL-Petit-Matin-Live.png\",\"contentUrl\":\"https:\/\/www.giulia-larigaldie.com\/wp-content\/uploads\/2022\/07\/Elvrapf-RTL-Petit-Matin-Live.png\",\"width\":2676,\"height\":1162},{\"@type\":\"BreadcrumbList\",\"@id\":\"https:\/\/www.giulia-larigaldie.com\/%f0%9f%8e%81-quand-et-la-vie-reprit-a-petites-foulees-passe-en-live-a\/#breadcrumb\",\"itemListElement\":[{\"@type\":\"ListItem\",\"position\":1,\"name\":\"Accueil\",\"item\":\"https:\/\/www.giulia-larigaldie.com\/\"},{\"@type\":\"ListItem\",\"position\":2,\"name\":\"\ud83c\udf81 Quand \u00ab Et la vie reprit \u00e0 petites foul\u00e9es \u00bb passe en live \u00e0\u2026\"}]},{\"@type\":\"WebSite\",\"@id\":\"https:\/\/www.giulia-larigaldie.com\/#website\",\"url\":\"https:\/\/www.giulia-larigaldie.com\/\",\"name\":\"Giulia Larigaldie\",\"description\":\"\u00c9criture & photographie\",\"publisher\":{\"@id\":\"https:\/\/www.giulia-larigaldie.com\/#organization\"},\"potentialAction\":[{\"@type\":\"SearchAction\",\"target\":{\"@type\":\"EntryPoint\",\"urlTemplate\":\"https:\/\/www.giulia-larigaldie.com\/?s={search_term_string}\"},\"query-input\":{\"@type\":\"PropertyValueSpecification\",\"valueRequired\":true,\"valueName\":\"search_term_string\"}}],\"inLanguage\":\"en-GB\"},{\"@type\":\"Organization\",\"@id\":\"https:\/\/www.giulia-larigaldie.com\/#organization\",\"name\":\"Giulia Larigaldie\",\"url\":\"https:\/\/www.giulia-larigaldie.com\/\",\"logo\":{\"@type\":\"ImageObject\",\"inLanguage\":\"en-GB\",\"@id\":\"https:\/\/www.giulia-larigaldie.com\/#\/schema\/logo\/image\/\",\"url\":\"https:\/\/www.giulia-larigaldie.com\/wp-content\/uploads\/2020\/01\/cropped-logo-tres-petit-1.png\",\"contentUrl\":\"https:\/\/www.giulia-larigaldie.com\/wp-content\/uploads\/2020\/01\/cropped-logo-tres-petit-1.png\",\"width\":485,\"height\":216,\"caption\":\"Giulia Larigaldie\"},\"image\":{\"@id\":\"https:\/\/www.giulia-larigaldie.com\/#\/schema\/logo\/image\/\"}},{\"@type\":\"Person\",\"@id\":\"https:\/\/www.giulia-larigaldie.com\/#\/schema\/person\/7ea8f5903d7a93eb0545f285f871b58b\",\"name\":\"Giulia Larigaldie\",\"image\":{\"@type\":\"ImageObject\",\"inLanguage\":\"en-GB\",\"@id\":\"https:\/\/www.giulia-larigaldie.com\/#\/schema\/person\/image\/\",\"url\":\"https:\/\/secure.gravatar.com\/avatar\/1206d94e433482003e0c67627b1aea00af0c184ff4d600f0dbc5a61558e91de7?s=96&d=mm&r=g\",\"contentUrl\":\"https:\/\/secure.gravatar.com\/avatar\/1206d94e433482003e0c67627b1aea00af0c184ff4d600f0dbc5a61558e91de7?s=96&d=mm&r=g\",\"caption\":\"Giulia Larigaldie\"},\"sameAs\":[\"http:\/\/www.giulia-larigaldie.com\"],\"url\":\"https:\/\/www.giulia-larigaldie.com\/en\/author\/giulia\/\"}]}<\/script>\n<!-- \/ Yoast SEO plugin. -->","yoast_head_json":{"title":"\ud83c\udf81 Quand \u00ab Et la vie reprit \u00e0 petites foul\u00e9es \u00bb passe en live \u00e0\u2026","robots":{"index":"index","follow":"follow","max-snippet":"max-snippet:-1","max-image-preview":"max-image-preview:large","max-video-preview":"max-video-preview:-1"},"canonical":"https:\/\/www.giulia-larigaldie.com\/en\/\ud83c\udf81-quand-et-la-vie-reprit-a-petites-foulees-passe-en-live-a\/","og_locale":"en_GB","og_type":"article","og_title":"[:fr]\ud83c\udf81 Quand \u00ab Et la vie reprit \u00e0 petites foul\u00e9es \u00bb passe en live \u00e0\u2026[:] - Giulia Larigaldie","og_description":"\u2753\ud83d\ude2c \u00c0 votre avis, je faisais quoi dans le jardin, me pelant de froid, mercredi dernier \u00e0 4h30 du matin ? \ud83d\ude33 \ud83d\ude01 Je vivais une nouvelle exp\u00e9rience, tr\u00e8s agr\u00e9able et sympathique (malgr\u00e9 l\u2019heure un peu brutale \ud83e\udd2a) ! \ud83d\udc49 Vous voulez en savoir plus ? Voici le lien vers l\u2019enregistrement en live avec @j\u00e9roe dans son \u00e9mission @rtl petit matin. \ud83d\udc96 Nous y avons abord\u00e9 l&#8217;expatriation et la naissance de mon premier roman &#8220;Et la vie reprit \u00e0 petites foul\u00e9es&#8221; rep\u00e9r\u00e9 par @librinova et publi\u00e9 par les \u00c9ditions Jouvence. Une jolie rencontre, beaucoup d\u2019ouverture et de curiosit\u00e9 chez Florent et une \u00e9quipe derri\u00e8re lui sympathique et tr\u00e8s \u00ab pro \u00bb : de Kelly pour la pr\u00e9paration, jusqu\u2019\u00e0 toutes les personnes au t\u00e9l\u00e9phone. \ud83d\ude4f Merci \u00e0 RTL Petit Matin ! \ud83e\udd29 Cliquez ici pour entendre l&#8217;interview. Il faut \u00e9couter entre la minute 13 et la minute 21. https:\/\/www.rtl.fr\/programmes\/rtl-petit-matin\/7900155515-rtl-petit-matin-du-18-mai-2022","og_url":"https:\/\/www.giulia-larigaldie.com\/en\/\ud83c\udf81-quand-et-la-vie-reprit-a-petites-foulees-passe-en-live-a\/","og_site_name":"Giulia Larigaldie","article_published_time":"2022-05-25T15:23:00+00:00","article_modified_time":"2022-07-11T15:27:56+00:00","og_image":[{"width":2676,"height":1162,"url":"https:\/\/www.giulia-larigaldie.com\/wp-content\/uploads\/2022\/07\/Elvrapf-RTL-Petit-Matin-Live.png","type":"image\/png"}],"author":"Giulia Larigaldie","twitter_card":"summary_large_image","twitter_misc":{"Written by":"Giulia Larigaldie","Estimated reading time":"1 minute"},"schema":{"@context":"https:\/\/schema.org","@graph":[{"@type":"Article","@id":"https:\/\/www.giulia-larigaldie.com\/%f0%9f%8e%81-quand-et-la-vie-reprit-a-petites-foulees-passe-en-live-a\/#article","isPartOf":{"@id":"https:\/\/www.giulia-larigaldie.com\/%f0%9f%8e%81-quand-et-la-vie-reprit-a-petites-foulees-passe-en-live-a\/"},"author":{"name":"Giulia Larigaldie","@id":"https:\/\/www.giulia-larigaldie.com\/#\/schema\/person\/7ea8f5903d7a93eb0545f285f871b58b"},"headline":"\ud83c\udf81 Quand \u00ab Et la vie reprit \u00e0 petites foul\u00e9es \u00bb passe en live \u00e0\u2026","datePublished":"2022-05-25T15:23:00+00:00","dateModified":"2022-07-11T15:27:56+00:00","mainEntityOfPage":{"@id":"https:\/\/www.giulia-larigaldie.com\/%f0%9f%8e%81-quand-et-la-vie-reprit-a-petites-foulees-passe-en-live-a\/"},"wordCount":161,"commentCount":0,"publisher":{"@id":"https:\/\/www.giulia-larigaldie.com\/#organization"},"image":{"@id":"https:\/\/www.giulia-larigaldie.com\/%f0%9f%8e%81-quand-et-la-vie-reprit-a-petites-foulees-passe-en-live-a\/#primaryimage"},"thumbnailUrl":"https:\/\/www.giulia-larigaldie.com\/wp-content\/uploads\/2022\/07\/Elvrapf-RTL-Petit-Matin-Live.png","articleSection":["\u00c9criture","Interview","Livre-M\u00e9moire","News","Photographie","Photographie","Roman","Roman","\u00c9CRITURE"],"inLanguage":"en-GB","potentialAction":[{"@type":"CommentAction","name":"Comment","target":["https:\/\/www.giulia-larigaldie.com\/%f0%9f%8e%81-quand-et-la-vie-reprit-a-petites-foulees-passe-en-live-a\/#respond"]}]},{"@type":"WebPage","@id":"https:\/\/www.giulia-larigaldie.com\/%f0%9f%8e%81-quand-et-la-vie-reprit-a-petites-foulees-passe-en-live-a\/","url":"https:\/\/www.giulia-larigaldie.com\/%f0%9f%8e%81-quand-et-la-vie-reprit-a-petites-foulees-passe-en-live-a\/","name":"\ud83c\udf81 Quand \u00ab Et la vie reprit \u00e0 petites foul\u00e9es \u00bb passe en live \u00e0\u2026","isPartOf":{"@id":"https:\/\/www.giulia-larigaldie.com\/#website"},"primaryImageOfPage":{"@id":"https:\/\/www.giulia-larigaldie.com\/%f0%9f%8e%81-quand-et-la-vie-reprit-a-petites-foulees-passe-en-live-a\/#primaryimage"},"image":{"@id":"https:\/\/www.giulia-larigaldie.com\/%f0%9f%8e%81-quand-et-la-vie-reprit-a-petites-foulees-passe-en-live-a\/#primaryimage"},"thumbnailUrl":"https:\/\/www.giulia-larigaldie.com\/wp-content\/uploads\/2022\/07\/Elvrapf-RTL-Petit-Matin-Live.png","datePublished":"2022-05-25T15:23:00+00:00","dateModified":"2022-07-11T15:27:56+00:00","breadcrumb":{"@id":"https:\/\/www.giulia-larigaldie.com\/%f0%9f%8e%81-quand-et-la-vie-reprit-a-petites-foulees-passe-en-live-a\/#breadcrumb"},"inLanguage":"en-GB","potentialAction":[{"@type":"ReadAction","target":["https:\/\/www.giulia-larigaldie.com\/%f0%9f%8e%81-quand-et-la-vie-reprit-a-petites-foulees-passe-en-live-a\/"]}]},{"@type":"ImageObject","inLanguage":"en-GB","@id":"https:\/\/www.giulia-larigaldie.com\/%f0%9f%8e%81-quand-et-la-vie-reprit-a-petites-foulees-passe-en-live-a\/#primaryimage","url":"https:\/\/www.giulia-larigaldie.com\/wp-content\/uploads\/2022\/07\/Elvrapf-RTL-Petit-Matin-Live.png","contentUrl":"https:\/\/www.giulia-larigaldie.com\/wp-content\/uploads\/2022\/07\/Elvrapf-RTL-Petit-Matin-Live.png","width":2676,"height":1162},{"@type":"BreadcrumbList","@id":"https:\/\/www.giulia-larigaldie.com\/%f0%9f%8e%81-quand-et-la-vie-reprit-a-petites-foulees-passe-en-live-a\/#breadcrumb","itemListElement":[{"@type":"ListItem","position":1,"name":"Accueil","item":"https:\/\/www.giulia-larigaldie.com\/"},{"@type":"ListItem","position":2,"name":"\ud83c\udf81 Quand \u00ab Et la vie reprit \u00e0 petites foul\u00e9es \u00bb passe en live \u00e0\u2026"}]},{"@type":"WebSite","@id":"https:\/\/www.giulia-larigaldie.com\/#website","url":"https:\/\/www.giulia-larigaldie.com\/","name":"Giulia Larigaldie","description":"\u00c9criture & photographie","publisher":{"@id":"https:\/\/www.giulia-larigaldie.com\/#organization"},"potentialAction":[{"@type":"SearchAction","target":{"@type":"EntryPoint","urlTemplate":"https:\/\/www.giulia-larigaldie.com\/?s={search_term_string}"},"query-input":{"@type":"PropertyValueSpecification","valueRequired":true,"valueName":"search_term_string"}}],"inLanguage":"en-GB"},{"@type":"Organization","@id":"https:\/\/www.giulia-larigaldie.com\/#organization","name":"Giulia Larigaldie","url":"https:\/\/www.giulia-larigaldie.com\/","logo":{"@type":"ImageObject","inLanguage":"en-GB","@id":"https:\/\/www.giulia-larigaldie.com\/#\/schema\/logo\/image\/","url":"https:\/\/www.giulia-larigaldie.com\/wp-content\/uploads\/2020\/01\/cropped-logo-tres-petit-1.png","contentUrl":"https:\/\/www.giulia-larigaldie.com\/wp-content\/uploads\/2020\/01\/cropped-logo-tres-petit-1.png","width":485,"height":216,"caption":"Giulia Larigaldie"},"image":{"@id":"https:\/\/www.giulia-larigaldie.com\/#\/schema\/logo\/image\/"}},{"@type":"Person","@id":"https:\/\/www.giulia-larigaldie.com\/#\/schema\/person\/7ea8f5903d7a93eb0545f285f871b58b","name":"Giulia Larigaldie","image":{"@type":"ImageObject","inLanguage":"en-GB","@id":"https:\/\/www.giulia-larigaldie.com\/#\/schema\/person\/image\/","url":"https:\/\/secure.gravatar.com\/avatar\/1206d94e433482003e0c67627b1aea00af0c184ff4d600f0dbc5a61558e91de7?s=96&d=mm&r=g","contentUrl":"https:\/\/secure.gravatar.com\/avatar\/1206d94e433482003e0c67627b1aea00af0c184ff4d600f0dbc5a61558e91de7?s=96&d=mm&r=g","caption":"Giulia Larigaldie"},"sameAs":["http:\/\/www.giulia-larigaldie.com"],"url":"https:\/\/www.giulia-larigaldie.com\/en\/author\/giulia\/"}]}},"uagb_featured_image_src":{"full":["https:\/\/www.giulia-larigaldie.com\/wp-content\/uploads\/2022\/07\/Elvrapf-RTL-Petit-Matin-Live.png",2676,1162,false],"thumbnail":["https:\/\/www.giulia-larigaldie.com\/wp-content\/uploads\/2022\/07\/Elvrapf-RTL-Petit-Matin-Live-150x150.png",150,150,true],"medium":["https:\/\/www.giulia-larigaldie.com\/wp-content\/uploads\/2022\/07\/Elvrapf-RTL-Petit-Matin-Live-300x130.png",300,130,true],"medium_large":["https:\/\/www.giulia-larigaldie.com\/wp-content\/uploads\/2022\/07\/Elvrapf-RTL-Petit-Matin-Live-768x333.png",768,333,true],"large":["https:\/\/www.giulia-larigaldie.com\/wp-content\/uploads\/2022\/07\/Elvrapf-RTL-Petit-Matin-Live-1024x445.png",960,417,true],"1536x1536":["https:\/\/www.giulia-larigaldie.com\/wp-content\/uploads\/2022\/07\/Elvrapf-RTL-Petit-Matin-Live-1536x667.png",1536,667,true],"2048x2048":["https:\/\/www.giulia-larigaldie.com\/wp-content\/uploads\/2022\/07\/Elvrapf-RTL-Petit-Matin-Live-2048x889.png",2048,889,true],"bard-slider-grid-thumbnail":["https:\/\/www.giulia-larigaldie.com\/wp-content\/uploads\/2022\/07\/Elvrapf-RTL-Petit-Matin-Live-1160x590.png",1160,590,true],"bard-full-thumbnail":["https:\/\/www.giulia-larigaldie.com\/wp-content\/uploads\/2022\/07\/Elvrapf-RTL-Petit-Matin-Live-1000x434.png",1000,434,true],"bard-grid-thumbnail":["https:\/\/www.giulia-larigaldie.com\/wp-content\/uploads\/2022\/07\/Elvrapf-RTL-Petit-Matin-Live-500x380.png",500,380,true],"bard-list-thumbnail":["https:\/\/www.giulia-larigaldie.com\/wp-content\/uploads\/2022\/07\/Elvrapf-RTL-Petit-Matin-Live-300x300.png",300,300,true],"bard-single-navigation":["https:\/\/www.giulia-larigaldie.com\/wp-content\/uploads\/2022\/07\/Elvrapf-RTL-Petit-Matin-Live-75x75.png",75,75,true]},"uagb_author_info":{"display_name":"Giulia Larigaldie","author_link":"https:\/\/www.giulia-larigaldie.com\/en\/author\/giulia\/"},"uagb_comment_info":0,"uagb_excerpt":"\u2753\ud83d\ude2c \u00c0 votre avis, je faisais quoi dans le jardin, me pelant de froid, mercredi dernier \u00e0 4h30 du matin ? \ud83d\ude33 \ud83d\ude01 Je vivais une nouvelle exp\u00e9rience, tr\u00e8s agr\u00e9able et sympathique (malgr\u00e9 l\u2019heure un peu brutale \ud83e\udd2a) ! \ud83d\udc49 Vous voulez en savoir plus ? Voici le lien vers l\u2019enregistrement en live avec @j\u00e9roe&hellip;","acf":[],"_links":{"self":[{"href":"https:\/\/www.giulia-larigaldie.com\/en\/wp-json\/wp\/v2\/posts\/2595","targetHints":{"allow":["GET"]}}],"collection":[{"href":"https:\/\/www.giulia-larigaldie.com\/en\/wp-json\/wp\/v2\/posts"}],"about":[{"href":"https:\/\/www.giulia-larigaldie.com\/en\/wp-json\/wp\/v2\/types\/post"}],"author":[{"embeddable":true,"href":"https:\/\/www.giulia-larigaldie.com\/en\/wp-json\/wp\/v2\/users\/2"}],"replies":[{"embeddable":true,"href":"https:\/\/www.giulia-larigaldie.com\/en\/wp-json\/wp\/v2\/comments?post=2595"}],"version-history":[{"count":2,"href":"https:\/\/www.giulia-larigaldie.com\/en\/wp-json\/wp\/v2\/posts\/2595\/revisions"}],"predecessor-version":[{"id":2599,"href":"https:\/\/www.giulia-larigaldie.com\/en\/wp-json\/wp\/v2\/posts\/2595\/revisions\/2599"}],"wp:featuredmedia":[{"embeddable":true,"href":"https:\/\/www.giulia-larigaldie.com\/en\/wp-json\/wp\/v2\/media\/2597"}],"wp:attachment":[{"href":"https:\/\/www.giulia-larigaldie.com\/en\/wp-json\/wp\/v2\/media?parent=2595"}],"wp:term":[{"taxonomy":"category","embeddable":true,"href":"https:\/\/www.giulia-larigaldie.com\/en\/wp-json\/wp\/v2\/categories?post=2595"},{"taxonomy":"post_tag","embeddable":true,"href":"https:\/\/www.giulia-larigaldie.com\/en\/wp-json\/wp\/v2\/tags?post=2595"}],"curies":[{"name":"wp","href":"https:\/\/api.w.org\/{rel}","templated":true}]}}