{"id":3075,"date":"2024-01-22T17:40:20","date_gmt":"2024-01-22T16:40:20","guid":{"rendered":"https:\/\/www.giulia-larigaldie.com\/?p=3075"},"modified":"2024-05-07T17:40:44","modified_gmt":"2024-05-07T15:40:44","slug":"lorsque-lon-est-invitee-a-un-cercle-de-lecture-pour-parler-dun-livre-le-sien","status":"publish","type":"post","link":"https:\/\/www.giulia-larigaldie.com\/en\/lorsque-lon-est-invitee-a-un-cercle-de-lecture-pour-parler-dun-livre-le-sien\/","title":{"rendered":"Lorsque l\u2019on est invit\u00e9e \u00e0 un cercle de lecture pour parler d\u2019un livre\u2026 le sien\u00a0!\u00a0"},"content":{"rendered":"\n<p>Une exp\u00e9rience \u00e9mouvante ainsi qu\u2019une discussion passionnante sur certaines sc\u00e8nes, sur la psychologie des personnages, sur les choix narratifs\u2026<\/p>\n\n\n\n<p>C\u2019est un immense privil\u00e8ge que d\u2019avoir le retour de lecteur\u00b7rice\u00b7s sur son ouvrage et un petit miracle de constater ce que chacun y a trouv\u00e9, a interpr\u00e9t\u00e9. L\u2019\u00e9vidence que le roman prend son envol et que chacun se l\u2019approprie en fonction de son v\u00e9cu, de ses attentes\u2026<\/p>\n\n\n\n<p>Quel cadeau&nbsp;!<\/p>\n\n\n\n<p>De plus, je ne me lasse jamais d\u2019\u00e9voquer mes personnages, d\u2019aborder mon exp\u00e9rience d\u2019\u00e9criture. Alors\u2026 \u00c0 bon entendeur\u2026<\/p>\n\n\n\n<p>Rencontre litt\u00e9raire suivie d\u2019une s\u00e9ance de d\u00e9dicaces, un moment \u00e0 fleur de peau.<\/p>\n","protected":false},"excerpt":{"rendered":"<p>Une exp\u00e9rience \u00e9mouvante ainsi qu\u2019une discussion passionnante sur certaines sc\u00e8nes, sur la psychologie des personnages, sur les choix narratifs\u2026 C\u2019est un immense privil\u00e8ge que d\u2019avoir le retour de lecteur\u00b7rice\u00b7s sur son ouvrage et un petit miracle de constater ce que chacun y a trouv\u00e9, a interpr\u00e9t\u00e9. L\u2019\u00e9vidence que le roman prend son envol et que chacun se l\u2019approprie en fonction de son v\u00e9cu, de ses attentes\u2026 Quel cadeau&nbsp;! De plus, je ne me lasse jamais d\u2019\u00e9voquer mes personnages, d\u2019aborder mon exp\u00e9rience d\u2019\u00e9criture. Alors\u2026 \u00c0 bon entendeur\u2026 Rencontre litt\u00e9raire suivie d\u2019une s\u00e9ance de d\u00e9dicaces, un moment \u00e0 fleur de peau.<\/p>\n","protected":false},"author":2,"featured_media":3076,"comment_status":"open","ping_status":"open","sticky":false,"template":"","format":"standard","meta":{"_uag_custom_page_level_css":"","footnotes":""},"categories":[69,66,63,67,1],"tags":[],"class_list":["post-3075","post","type-post","status-publish","format-standard","has-post-thumbnail","hentry","category-ecriture-news","category-news","category-roman","category-roman-news","category-ecriture"],"yoast_head":"<!-- This site is optimized with the Yoast SEO plugin v25.7 - https:\/\/yoast.com\/wordpress\/plugins\/seo\/ -->\n<title>Lorsque l\u2019on est invit\u00e9e \u00e0 un cercle de lecture pour parler d\u2019un livre\u2026 le sien\u00a0!\u00a0<\/title>\n<meta name=\"robots\" content=\"index, follow, max-snippet:-1, max-image-preview:large, max-video-preview:-1\" \/>\n<link rel=\"canonical\" href=\"https:\/\/www.giulia-larigaldie.com\/en\/lorsque-lon-est-invitee-a-un-cercle-de-lecture-pour-parler-dun-livre-le-sien\/\" \/>\n<meta property=\"og:locale\" content=\"en_GB\" \/>\n<meta property=\"og:locale:alternate\" content=\"fr_FR\" \/>\n<meta property=\"og:locale:alternate\" content=\"de_DE\" \/>\n<meta property=\"og:type\" content=\"article\" \/>\n<meta property=\"og:title\" content=\"Lorsque l\u2019on est invit\u00e9e \u00e0 un cercle de lecture pour parler d\u2019un livre\u2026 le sien\u00a0!\u00a0\" \/>\n<meta property=\"og:description\" content=\"Une exp\u00e9rience \u00e9mouvante ainsi qu\u2019une discussion passionnante sur certaines sc\u00e8nes, sur la psychologie des personnages, sur les choix narratifs\u2026 C\u2019est un immense privil\u00e8ge que d\u2019avoir le retour de lecteur\u00b7rice\u00b7s sur son ouvrage et un petit miracle de constater ce que chacun y a trouv\u00e9, a interpr\u00e9t\u00e9. L\u2019\u00e9vidence que le roman prend son envol et que chacun se l\u2019approprie en fonction de son v\u00e9cu, de ses attentes\u2026 Quel cadeau&nbsp;! De plus, je ne me lasse jamais d\u2019\u00e9voquer mes personnages, d\u2019aborder mon exp\u00e9rience d\u2019\u00e9criture. Alors\u2026 \u00c0 bon entendeur\u2026 Rencontre litt\u00e9raire suivie d\u2019une s\u00e9ance de d\u00e9dicaces, un moment \u00e0 fleur de peau.\" \/>\n<meta property=\"og:url\" content=\"https:\/\/www.giulia-larigaldie.com\/en\/lorsque-lon-est-invitee-a-un-cercle-de-lecture-pour-parler-dun-livre-le-sien\/\" \/>\n<meta property=\"og:site_name\" content=\"Giulia Larigaldie\" \/>\n<meta property=\"article:published_time\" content=\"2024-01-22T16:40:20+00:00\" \/>\n<meta property=\"article:modified_time\" content=\"2024-05-07T15:40:44+00:00\" \/>\n<meta property=\"og:image\" content=\"https:\/\/www.giulia-larigaldie.com\/wp-content\/uploads\/2024\/05\/Screenshot-2024-05-07-at-17.39.22.png\" \/>\n\t<meta property=\"og:image:width\" content=\"749\" \/>\n\t<meta property=\"og:image:height\" content=\"743\" \/>\n\t<meta property=\"og:image:type\" content=\"image\/png\" \/>\n<meta name=\"author\" content=\"Giulia Larigaldie\" \/>\n<meta name=\"twitter:card\" content=\"summary_large_image\" \/>\n<meta name=\"twitter:label1\" content=\"Written by\" \/>\n\t<meta name=\"twitter:data1\" content=\"Giulia Larigaldie\" \/>\n\t<meta name=\"twitter:label2\" content=\"Estimated reading time\" \/>\n\t<meta name=\"twitter:data2\" content=\"1 minute\" \/>\n<script type=\"application\/ld+json\" class=\"yoast-schema-graph\">{\"@context\":\"https:\/\/schema.org\",\"@graph\":[{\"@type\":\"Article\",\"@id\":\"https:\/\/www.giulia-larigaldie.com\/lorsque-lon-est-invitee-a-un-cercle-de-lecture-pour-parler-dun-livre-le-sien\/#article\",\"isPartOf\":{\"@id\":\"https:\/\/www.giulia-larigaldie.com\/lorsque-lon-est-invitee-a-un-cercle-de-lecture-pour-parler-dun-livre-le-sien\/\"},\"author\":{\"name\":\"Giulia Larigaldie\",\"@id\":\"https:\/\/www.giulia-larigaldie.com\/#\/schema\/person\/7ea8f5903d7a93eb0545f285f871b58b\"},\"headline\":\"Lorsque l\u2019on est invit\u00e9e \u00e0 un cercle de lecture pour parler d\u2019un livre\u2026 le sien\u00a0!\u00a0\",\"datePublished\":\"2024-01-22T16:40:20+00:00\",\"dateModified\":\"2024-05-07T15:40:44+00:00\",\"mainEntityOfPage\":{\"@id\":\"https:\/\/www.giulia-larigaldie.com\/lorsque-lon-est-invitee-a-un-cercle-de-lecture-pour-parler-dun-livre-le-sien\/\"},\"wordCount\":137,\"commentCount\":0,\"publisher\":{\"@id\":\"https:\/\/www.giulia-larigaldie.com\/#organization\"},\"image\":{\"@id\":\"https:\/\/www.giulia-larigaldie.com\/lorsque-lon-est-invitee-a-un-cercle-de-lecture-pour-parler-dun-livre-le-sien\/#primaryimage\"},\"thumbnailUrl\":\"https:\/\/www.giulia-larigaldie.com\/wp-content\/uploads\/2024\/05\/Screenshot-2024-05-07-at-17.39.22.png\",\"articleSection\":[\"\u00c9criture\",\"News\",\"Roman\",\"Roman\",\"\u00c9CRITURE\"],\"inLanguage\":\"en-GB\",\"potentialAction\":[{\"@type\":\"CommentAction\",\"name\":\"Comment\",\"target\":[\"https:\/\/www.giulia-larigaldie.com\/lorsque-lon-est-invitee-a-un-cercle-de-lecture-pour-parler-dun-livre-le-sien\/#respond\"]}]},{\"@type\":\"WebPage\",\"@id\":\"https:\/\/www.giulia-larigaldie.com\/lorsque-lon-est-invitee-a-un-cercle-de-lecture-pour-parler-dun-livre-le-sien\/\",\"url\":\"https:\/\/www.giulia-larigaldie.com\/lorsque-lon-est-invitee-a-un-cercle-de-lecture-pour-parler-dun-livre-le-sien\/\",\"name\":\"Lorsque l\u2019on est invit\u00e9e \u00e0 un cercle de lecture pour parler d\u2019un livre\u2026 le sien\u00a0!\u00a0\",\"isPartOf\":{\"@id\":\"https:\/\/www.giulia-larigaldie.com\/#website\"},\"primaryImageOfPage\":{\"@id\":\"https:\/\/www.giulia-larigaldie.com\/lorsque-lon-est-invitee-a-un-cercle-de-lecture-pour-parler-dun-livre-le-sien\/#primaryimage\"},\"image\":{\"@id\":\"https:\/\/www.giulia-larigaldie.com\/lorsque-lon-est-invitee-a-un-cercle-de-lecture-pour-parler-dun-livre-le-sien\/#primaryimage\"},\"thumbnailUrl\":\"https:\/\/www.giulia-larigaldie.com\/wp-content\/uploads\/2024\/05\/Screenshot-2024-05-07-at-17.39.22.png\",\"datePublished\":\"2024-01-22T16:40:20+00:00\",\"dateModified\":\"2024-05-07T15:40:44+00:00\",\"breadcrumb\":{\"@id\":\"https:\/\/www.giulia-larigaldie.com\/lorsque-lon-est-invitee-a-un-cercle-de-lecture-pour-parler-dun-livre-le-sien\/#breadcrumb\"},\"inLanguage\":\"en-GB\",\"potentialAction\":[{\"@type\":\"ReadAction\",\"target\":[\"https:\/\/www.giulia-larigaldie.com\/lorsque-lon-est-invitee-a-un-cercle-de-lecture-pour-parler-dun-livre-le-sien\/\"]}]},{\"@type\":\"ImageObject\",\"inLanguage\":\"en-GB\",\"@id\":\"https:\/\/www.giulia-larigaldie.com\/lorsque-lon-est-invitee-a-un-cercle-de-lecture-pour-parler-dun-livre-le-sien\/#primaryimage\",\"url\":\"https:\/\/www.giulia-larigaldie.com\/wp-content\/uploads\/2024\/05\/Screenshot-2024-05-07-at-17.39.22.png\",\"contentUrl\":\"https:\/\/www.giulia-larigaldie.com\/wp-content\/uploads\/2024\/05\/Screenshot-2024-05-07-at-17.39.22.png\",\"width\":749,\"height\":743},{\"@type\":\"BreadcrumbList\",\"@id\":\"https:\/\/www.giulia-larigaldie.com\/lorsque-lon-est-invitee-a-un-cercle-de-lecture-pour-parler-dun-livre-le-sien\/#breadcrumb\",\"itemListElement\":[{\"@type\":\"ListItem\",\"position\":1,\"name\":\"Accueil\",\"item\":\"https:\/\/www.giulia-larigaldie.com\/\"},{\"@type\":\"ListItem\",\"position\":2,\"name\":\"Lorsque l\u2019on est invit\u00e9e \u00e0 un cercle de lecture pour parler d\u2019un livre\u2026 le sien\u00a0!\u00a0\"}]},{\"@type\":\"WebSite\",\"@id\":\"https:\/\/www.giulia-larigaldie.com\/#website\",\"url\":\"https:\/\/www.giulia-larigaldie.com\/\",\"name\":\"Giulia Larigaldie\",\"description\":\"\u00c9criture & photographie\",\"publisher\":{\"@id\":\"https:\/\/www.giulia-larigaldie.com\/#organization\"},\"potentialAction\":[{\"@type\":\"SearchAction\",\"target\":{\"@type\":\"EntryPoint\",\"urlTemplate\":\"https:\/\/www.giulia-larigaldie.com\/?s={search_term_string}\"},\"query-input\":{\"@type\":\"PropertyValueSpecification\",\"valueRequired\":true,\"valueName\":\"search_term_string\"}}],\"inLanguage\":\"en-GB\"},{\"@type\":\"Organization\",\"@id\":\"https:\/\/www.giulia-larigaldie.com\/#organization\",\"name\":\"Giulia Larigaldie\",\"url\":\"https:\/\/www.giulia-larigaldie.com\/\",\"logo\":{\"@type\":\"ImageObject\",\"inLanguage\":\"en-GB\",\"@id\":\"https:\/\/www.giulia-larigaldie.com\/#\/schema\/logo\/image\/\",\"url\":\"https:\/\/www.giulia-larigaldie.com\/wp-content\/uploads\/2020\/01\/cropped-logo-tres-petit-1.png\",\"contentUrl\":\"https:\/\/www.giulia-larigaldie.com\/wp-content\/uploads\/2020\/01\/cropped-logo-tres-petit-1.png\",\"width\":485,\"height\":216,\"caption\":\"Giulia Larigaldie\"},\"image\":{\"@id\":\"https:\/\/www.giulia-larigaldie.com\/#\/schema\/logo\/image\/\"}},{\"@type\":\"Person\",\"@id\":\"https:\/\/www.giulia-larigaldie.com\/#\/schema\/person\/7ea8f5903d7a93eb0545f285f871b58b\",\"name\":\"Giulia Larigaldie\",\"image\":{\"@type\":\"ImageObject\",\"inLanguage\":\"en-GB\",\"@id\":\"https:\/\/www.giulia-larigaldie.com\/#\/schema\/person\/image\/\",\"url\":\"https:\/\/secure.gravatar.com\/avatar\/1206d94e433482003e0c67627b1aea00af0c184ff4d600f0dbc5a61558e91de7?s=96&d=mm&r=g\",\"contentUrl\":\"https:\/\/secure.gravatar.com\/avatar\/1206d94e433482003e0c67627b1aea00af0c184ff4d600f0dbc5a61558e91de7?s=96&d=mm&r=g\",\"caption\":\"Giulia Larigaldie\"},\"sameAs\":[\"http:\/\/www.giulia-larigaldie.com\"],\"url\":\"https:\/\/www.giulia-larigaldie.com\/en\/author\/giulia\/\"}]}<\/script>\n<!-- \/ Yoast SEO plugin. -->","yoast_head_json":{"title":"Lorsque l\u2019on est invit\u00e9e \u00e0 un cercle de lecture pour parler d\u2019un livre\u2026 le sien\u00a0!\u00a0","robots":{"index":"index","follow":"follow","max-snippet":"max-snippet:-1","max-image-preview":"max-image-preview:large","max-video-preview":"max-video-preview:-1"},"canonical":"https:\/\/www.giulia-larigaldie.com\/en\/lorsque-lon-est-invitee-a-un-cercle-de-lecture-pour-parler-dun-livre-le-sien\/","og_locale":"en_GB","og_type":"article","og_title":"[:fr]Lorsque l\u2019on est invit\u00e9e \u00e0 un cercle de lecture pour parler d\u2019un livre\u2026 le sien\u00a0!\u00a0[:] - Giulia Larigaldie","og_description":"Une exp\u00e9rience \u00e9mouvante ainsi qu\u2019une discussion passionnante sur certaines sc\u00e8nes, sur la psychologie des personnages, sur les choix narratifs\u2026 C\u2019est un immense privil\u00e8ge que d\u2019avoir le retour de lecteur\u00b7rice\u00b7s sur son ouvrage et un petit miracle de constater ce que chacun y a trouv\u00e9, a interpr\u00e9t\u00e9. L\u2019\u00e9vidence que le roman prend son envol et que chacun se l\u2019approprie en fonction de son v\u00e9cu, de ses attentes\u2026 Quel cadeau&nbsp;! De plus, je ne me lasse jamais d\u2019\u00e9voquer mes personnages, d\u2019aborder mon exp\u00e9rience d\u2019\u00e9criture. Alors\u2026 \u00c0 bon entendeur\u2026 Rencontre litt\u00e9raire suivie d\u2019une s\u00e9ance de d\u00e9dicaces, un moment \u00e0 fleur de peau.","og_url":"https:\/\/www.giulia-larigaldie.com\/en\/lorsque-lon-est-invitee-a-un-cercle-de-lecture-pour-parler-dun-livre-le-sien\/","og_site_name":"Giulia Larigaldie","article_published_time":"2024-01-22T16:40:20+00:00","article_modified_time":"2024-05-07T15:40:44+00:00","og_image":[{"width":749,"height":743,"url":"https:\/\/www.giulia-larigaldie.com\/wp-content\/uploads\/2024\/05\/Screenshot-2024-05-07-at-17.39.22.png","type":"image\/png"}],"author":"Giulia Larigaldie","twitter_card":"summary_large_image","twitter_misc":{"Written by":"Giulia Larigaldie","Estimated reading time":"1 minute"},"schema":{"@context":"https:\/\/schema.org","@graph":[{"@type":"Article","@id":"https:\/\/www.giulia-larigaldie.com\/lorsque-lon-est-invitee-a-un-cercle-de-lecture-pour-parler-dun-livre-le-sien\/#article","isPartOf":{"@id":"https:\/\/www.giulia-larigaldie.com\/lorsque-lon-est-invitee-a-un-cercle-de-lecture-pour-parler-dun-livre-le-sien\/"},"author":{"name":"Giulia Larigaldie","@id":"https:\/\/www.giulia-larigaldie.com\/#\/schema\/person\/7ea8f5903d7a93eb0545f285f871b58b"},"headline":"Lorsque l\u2019on est invit\u00e9e \u00e0 un cercle de lecture pour parler d\u2019un livre\u2026 le sien\u00a0!\u00a0","datePublished":"2024-01-22T16:40:20+00:00","dateModified":"2024-05-07T15:40:44+00:00","mainEntityOfPage":{"@id":"https:\/\/www.giulia-larigaldie.com\/lorsque-lon-est-invitee-a-un-cercle-de-lecture-pour-parler-dun-livre-le-sien\/"},"wordCount":137,"commentCount":0,"publisher":{"@id":"https:\/\/www.giulia-larigaldie.com\/#organization"},"image":{"@id":"https:\/\/www.giulia-larigaldie.com\/lorsque-lon-est-invitee-a-un-cercle-de-lecture-pour-parler-dun-livre-le-sien\/#primaryimage"},"thumbnailUrl":"https:\/\/www.giulia-larigaldie.com\/wp-content\/uploads\/2024\/05\/Screenshot-2024-05-07-at-17.39.22.png","articleSection":["\u00c9criture","News","Roman","Roman","\u00c9CRITURE"],"inLanguage":"en-GB","potentialAction":[{"@type":"CommentAction","name":"Comment","target":["https:\/\/www.giulia-larigaldie.com\/lorsque-lon-est-invitee-a-un-cercle-de-lecture-pour-parler-dun-livre-le-sien\/#respond"]}]},{"@type":"WebPage","@id":"https:\/\/www.giulia-larigaldie.com\/lorsque-lon-est-invitee-a-un-cercle-de-lecture-pour-parler-dun-livre-le-sien\/","url":"https:\/\/www.giulia-larigaldie.com\/lorsque-lon-est-invitee-a-un-cercle-de-lecture-pour-parler-dun-livre-le-sien\/","name":"Lorsque l\u2019on est invit\u00e9e \u00e0 un cercle de lecture pour parler d\u2019un livre\u2026 le sien\u00a0!\u00a0","isPartOf":{"@id":"https:\/\/www.giulia-larigaldie.com\/#website"},"primaryImageOfPage":{"@id":"https:\/\/www.giulia-larigaldie.com\/lorsque-lon-est-invitee-a-un-cercle-de-lecture-pour-parler-dun-livre-le-sien\/#primaryimage"},"image":{"@id":"https:\/\/www.giulia-larigaldie.com\/lorsque-lon-est-invitee-a-un-cercle-de-lecture-pour-parler-dun-livre-le-sien\/#primaryimage"},"thumbnailUrl":"https:\/\/www.giulia-larigaldie.com\/wp-content\/uploads\/2024\/05\/Screenshot-2024-05-07-at-17.39.22.png","datePublished":"2024-01-22T16:40:20+00:00","dateModified":"2024-05-07T15:40:44+00:00","breadcrumb":{"@id":"https:\/\/www.giulia-larigaldie.com\/lorsque-lon-est-invitee-a-un-cercle-de-lecture-pour-parler-dun-livre-le-sien\/#breadcrumb"},"inLanguage":"en-GB","potentialAction":[{"@type":"ReadAction","target":["https:\/\/www.giulia-larigaldie.com\/lorsque-lon-est-invitee-a-un-cercle-de-lecture-pour-parler-dun-livre-le-sien\/"]}]},{"@type":"ImageObject","inLanguage":"en-GB","@id":"https:\/\/www.giulia-larigaldie.com\/lorsque-lon-est-invitee-a-un-cercle-de-lecture-pour-parler-dun-livre-le-sien\/#primaryimage","url":"https:\/\/www.giulia-larigaldie.com\/wp-content\/uploads\/2024\/05\/Screenshot-2024-05-07-at-17.39.22.png","contentUrl":"https:\/\/www.giulia-larigaldie.com\/wp-content\/uploads\/2024\/05\/Screenshot-2024-05-07-at-17.39.22.png","width":749,"height":743},{"@type":"BreadcrumbList","@id":"https:\/\/www.giulia-larigaldie.com\/lorsque-lon-est-invitee-a-un-cercle-de-lecture-pour-parler-dun-livre-le-sien\/#breadcrumb","itemListElement":[{"@type":"ListItem","position":1,"name":"Accueil","item":"https:\/\/www.giulia-larigaldie.com\/"},{"@type":"ListItem","position":2,"name":"Lorsque l\u2019on est invit\u00e9e \u00e0 un cercle de lecture pour parler d\u2019un livre\u2026 le sien\u00a0!\u00a0"}]},{"@type":"WebSite","@id":"https:\/\/www.giulia-larigaldie.com\/#website","url":"https:\/\/www.giulia-larigaldie.com\/","name":"Giulia Larigaldie","description":"\u00c9criture & photographie","publisher":{"@id":"https:\/\/www.giulia-larigaldie.com\/#organization"},"potentialAction":[{"@type":"SearchAction","target":{"@type":"EntryPoint","urlTemplate":"https:\/\/www.giulia-larigaldie.com\/?s={search_term_string}"},"query-input":{"@type":"PropertyValueSpecification","valueRequired":true,"valueName":"search_term_string"}}],"inLanguage":"en-GB"},{"@type":"Organization","@id":"https:\/\/www.giulia-larigaldie.com\/#organization","name":"Giulia Larigaldie","url":"https:\/\/www.giulia-larigaldie.com\/","logo":{"@type":"ImageObject","inLanguage":"en-GB","@id":"https:\/\/www.giulia-larigaldie.com\/#\/schema\/logo\/image\/","url":"https:\/\/www.giulia-larigaldie.com\/wp-content\/uploads\/2020\/01\/cropped-logo-tres-petit-1.png","contentUrl":"https:\/\/www.giulia-larigaldie.com\/wp-content\/uploads\/2020\/01\/cropped-logo-tres-petit-1.png","width":485,"height":216,"caption":"Giulia Larigaldie"},"image":{"@id":"https:\/\/www.giulia-larigaldie.com\/#\/schema\/logo\/image\/"}},{"@type":"Person","@id":"https:\/\/www.giulia-larigaldie.com\/#\/schema\/person\/7ea8f5903d7a93eb0545f285f871b58b","name":"Giulia Larigaldie","image":{"@type":"ImageObject","inLanguage":"en-GB","@id":"https:\/\/www.giulia-larigaldie.com\/#\/schema\/person\/image\/","url":"https:\/\/secure.gravatar.com\/avatar\/1206d94e433482003e0c67627b1aea00af0c184ff4d600f0dbc5a61558e91de7?s=96&d=mm&r=g","contentUrl":"https:\/\/secure.gravatar.com\/avatar\/1206d94e433482003e0c67627b1aea00af0c184ff4d600f0dbc5a61558e91de7?s=96&d=mm&r=g","caption":"Giulia Larigaldie"},"sameAs":["http:\/\/www.giulia-larigaldie.com"],"url":"https:\/\/www.giulia-larigaldie.com\/en\/author\/giulia\/"}]}},"uagb_featured_image_src":{"full":["https:\/\/www.giulia-larigaldie.com\/wp-content\/uploads\/2024\/05\/Screenshot-2024-05-07-at-17.39.22.png",749,743,false],"thumbnail":["https:\/\/www.giulia-larigaldie.com\/wp-content\/uploads\/2024\/05\/Screenshot-2024-05-07-at-17.39.22-150x150.png",150,150,true],"medium":["https:\/\/www.giulia-larigaldie.com\/wp-content\/uploads\/2024\/05\/Screenshot-2024-05-07-at-17.39.22-300x298.png",300,298,true],"medium_large":["https:\/\/www.giulia-larigaldie.com\/wp-content\/uploads\/2024\/05\/Screenshot-2024-05-07-at-17.39.22.png",749,743,false],"large":["https:\/\/www.giulia-larigaldie.com\/wp-content\/uploads\/2024\/05\/Screenshot-2024-05-07-at-17.39.22.png",749,743,false],"1536x1536":["https:\/\/www.giulia-larigaldie.com\/wp-content\/uploads\/2024\/05\/Screenshot-2024-05-07-at-17.39.22.png",749,743,false],"2048x2048":["https:\/\/www.giulia-larigaldie.com\/wp-content\/uploads\/2024\/05\/Screenshot-2024-05-07-at-17.39.22.png",749,743,false],"bard-slider-grid-thumbnail":["https:\/\/www.giulia-larigaldie.com\/wp-content\/uploads\/2024\/05\/Screenshot-2024-05-07-at-17.39.22-749x590.png",749,590,true],"bard-full-thumbnail":["https:\/\/www.giulia-larigaldie.com\/wp-content\/uploads\/2024\/05\/Screenshot-2024-05-07-at-17.39.22.png",749,743,false],"bard-grid-thumbnail":["https:\/\/www.giulia-larigaldie.com\/wp-content\/uploads\/2024\/05\/Screenshot-2024-05-07-at-17.39.22-500x380.png",500,380,true],"bard-list-thumbnail":["https:\/\/www.giulia-larigaldie.com\/wp-content\/uploads\/2024\/05\/Screenshot-2024-05-07-at-17.39.22-300x300.png",300,300,true],"bard-single-navigation":["https:\/\/www.giulia-larigaldie.com\/wp-content\/uploads\/2024\/05\/Screenshot-2024-05-07-at-17.39.22-75x75.png",75,75,true]},"uagb_author_info":{"display_name":"Giulia Larigaldie","author_link":"https:\/\/www.giulia-larigaldie.com\/en\/author\/giulia\/"},"uagb_comment_info":0,"uagb_excerpt":"Une exp\u00e9rience \u00e9mouvante ainsi qu\u2019une discussion passionnante sur certaines sc\u00e8nes, sur la psychologie des personnages, sur les choix narratifs\u2026 C\u2019est un immense privil\u00e8ge que d\u2019avoir le retour de lecteur\u00b7rice\u00b7s sur son ouvrage et un petit miracle de constater ce que chacun y a trouv\u00e9, a interpr\u00e9t\u00e9. L\u2019\u00e9vidence que le roman prend son envol et que&hellip;","acf":[],"_links":{"self":[{"href":"https:\/\/www.giulia-larigaldie.com\/en\/wp-json\/wp\/v2\/posts\/3075","targetHints":{"allow":["GET"]}}],"collection":[{"href":"https:\/\/www.giulia-larigaldie.com\/en\/wp-json\/wp\/v2\/posts"}],"about":[{"href":"https:\/\/www.giulia-larigaldie.com\/en\/wp-json\/wp\/v2\/types\/post"}],"author":[{"embeddable":true,"href":"https:\/\/www.giulia-larigaldie.com\/en\/wp-json\/wp\/v2\/users\/2"}],"replies":[{"embeddable":true,"href":"https:\/\/www.giulia-larigaldie.com\/en\/wp-json\/wp\/v2\/comments?post=3075"}],"version-history":[{"count":2,"href":"https:\/\/www.giulia-larigaldie.com\/en\/wp-json\/wp\/v2\/posts\/3075\/revisions"}],"predecessor-version":[{"id":3078,"href":"https:\/\/www.giulia-larigaldie.com\/en\/wp-json\/wp\/v2\/posts\/3075\/revisions\/3078"}],"wp:featuredmedia":[{"embeddable":true,"href":"https:\/\/www.giulia-larigaldie.com\/en\/wp-json\/wp\/v2\/media\/3076"}],"wp:attachment":[{"href":"https:\/\/www.giulia-larigaldie.com\/en\/wp-json\/wp\/v2\/media?parent=3075"}],"wp:term":[{"taxonomy":"category","embeddable":true,"href":"https:\/\/www.giulia-larigaldie.com\/en\/wp-json\/wp\/v2\/categories?post=3075"},{"taxonomy":"post_tag","embeddable":true,"href":"https:\/\/www.giulia-larigaldie.com\/en\/wp-json\/wp\/v2\/tags?post=3075"}],"curies":[{"name":"wp","href":"https:\/\/api.w.org\/{rel}","templated":true}]}}