{"id":3091,"date":"2024-03-08T17:47:25","date_gmt":"2024-03-08T16:47:25","guid":{"rendered":"https:\/\/www.giulia-larigaldie.com\/?p=3091"},"modified":"2024-05-07T17:48:32","modified_gmt":"2024-05-07T15:48:32","slug":"travailler-avec-des-contraintes-pour-ou-contre","status":"publish","type":"post","link":"https:\/\/www.giulia-larigaldie.com\/en\/travailler-avec-des-contraintes-pour-ou-contre\/","title":{"rendered":"\u00a0Travailler avec des contraintes\u00a0: pour ou contre\u00a0?"},"content":{"rendered":"\n<p>En ce qui me concerne, les contraintes (conditions climatiques, timing, arri\u00e8re-plan non contr\u00f4l\u00e9\u2026) ont plut\u00f4t tendance \u00e0 me stimuler. Cela permet de ne jamais s\u2019installer dans une routine bien huil\u00e9e. C\u2019est pourquoi je pr\u00e9f\u00e8re les photos en ext\u00e9rieur \u00e0 celles en studio.<\/p>\n\n\n\n<p>Ici, je devais faire un portrait pour des documents \u00e0 usage plut\u00f4t professionnel.<\/p>\n\n\n\n<p>Les contraintes&nbsp;: tr\u00e8s peu de temps, plut\u00f4t en int\u00e9rieur mais avec une partie de mon \u00e9quipement manquante\u2026<\/p>\n\n\n\n<p>R\u00e9sultat\u00a0: les photos en int\u00e9rieur n\u2019\u00e9taient pas satisfaisantes. Que faire\u00a0?<\/p>\n\n\n\n<p>Heureusement, il y a eu un rayon de soleil (de tr\u00e8s courte dur\u00e9e)\u00a0: nous en avons profit\u00e9 pour nous installer dehors au plus vite (\u00e0 peine le temps d\u2019enfiler nos chaussures\u00a0!), trouver un fond convenable\u2026 et voil\u00e0\u00a0!<\/p>\n\n\n\n<p>Pour ce genre de photo, il est important de trouver les bons v\u00eatements et les bons accessoires\u00a0: qui sont en coh\u00e9rence avec la personne, qui la mettent en avant sans l\u2019\u00e9clipser.<\/p>\n\n\n\n<p>L\u2019essentiel ensuite, c\u2019est de capturer l\u2019essence du regard, miroir parfait de l\u2019\u00e2me.<\/p>\n\n\n\n<p>Alors, dites-moi, que lisez-vous dans ce regard-l\u00e0\u00a0?<\/p>\n","protected":false},"excerpt":{"rendered":"<p>En ce qui me concerne, les contraintes (conditions climatiques, timing, arri\u00e8re-plan non contr\u00f4l\u00e9\u2026) ont plut\u00f4t tendance \u00e0 me stimuler. Cela permet de ne jamais s\u2019installer dans une routine bien huil\u00e9e. C\u2019est pourquoi je pr\u00e9f\u00e8re les photos en ext\u00e9rieur \u00e0 celles en studio. Ici, je devais faire un portrait pour des documents \u00e0 usage plut\u00f4t professionnel. Les contraintes&nbsp;: tr\u00e8s peu de temps, plut\u00f4t en int\u00e9rieur mais avec une partie de mon \u00e9quipement manquante\u2026 R\u00e9sultat\u00a0: les photos en int\u00e9rieur n\u2019\u00e9taient pas satisfaisantes. Que faire\u00a0? Heureusement, il y a eu un rayon de soleil (de tr\u00e8s courte dur\u00e9e)\u00a0: nous en avons profit\u00e9 pour nous installer dehors au plus vite (\u00e0 peine le temps d\u2019enfiler nos chaussures\u00a0!), trouver un fond convenable\u2026 et voil\u00e0\u00a0! Pour ce genre de photo, il est important de trouver les bons v\u00eatements et les bons accessoires\u00a0: qui sont en coh\u00e9rence avec la personne, qui la mettent en avant sans l\u2019\u00e9clipser. L\u2019essentiel ensuite, c\u2019est de capturer l\u2019essence du regard, miroir parfait de l\u2019\u00e2me. Alors, dites-moi, que lisez-vous dans ce regard-l\u00e0\u00a0?<\/p>\n","protected":false},"author":2,"featured_media":2955,"comment_status":"open","ping_status":"open","sticky":false,"template":"","format":"standard","meta":{"_uag_custom_page_level_css":"","footnotes":""},"categories":[66,59,68],"tags":[],"class_list":["post-3091","post","type-post","status-publish","format-standard","has-post-thumbnail","hentry","category-news","category-photographie","category-photographie-news"],"yoast_head":"<!-- This site is optimized with the Yoast SEO plugin v25.7 - https:\/\/yoast.com\/wordpress\/plugins\/seo\/ -->\n<title>\u00a0Travailler avec des contraintes\u00a0: pour ou contre\u00a0?<\/title>\n<meta name=\"robots\" content=\"index, follow, max-snippet:-1, max-image-preview:large, max-video-preview:-1\" \/>\n<link rel=\"canonical\" href=\"https:\/\/www.giulia-larigaldie.com\/en\/travailler-avec-des-contraintes-pour-ou-contre\/\" \/>\n<meta property=\"og:locale\" content=\"en_GB\" \/>\n<meta property=\"og:locale:alternate\" content=\"fr_FR\" \/>\n<meta property=\"og:locale:alternate\" content=\"de_DE\" \/>\n<meta property=\"og:type\" content=\"article\" \/>\n<meta property=\"og:title\" content=\"\u00a0Travailler avec des contraintes\u00a0: pour ou contre\u00a0?\" \/>\n<meta property=\"og:description\" content=\"En ce qui me concerne, les contraintes (conditions climatiques, timing, arri\u00e8re-plan non contr\u00f4l\u00e9\u2026) ont plut\u00f4t tendance \u00e0 me stimuler. Cela permet de ne jamais s\u2019installer dans une routine bien huil\u00e9e. C\u2019est pourquoi je pr\u00e9f\u00e8re les photos en ext\u00e9rieur \u00e0 celles en studio. Ici, je devais faire un portrait pour des documents \u00e0 usage plut\u00f4t professionnel. Les contraintes&nbsp;: tr\u00e8s peu de temps, plut\u00f4t en int\u00e9rieur mais avec une partie de mon \u00e9quipement manquante\u2026 R\u00e9sultat\u00a0: les photos en int\u00e9rieur n\u2019\u00e9taient pas satisfaisantes. Que faire\u00a0? Heureusement, il y a eu un rayon de soleil (de tr\u00e8s courte dur\u00e9e)\u00a0: nous en avons profit\u00e9 pour nous installer dehors au plus vite (\u00e0 peine le temps d\u2019enfiler nos chaussures\u00a0!), trouver un fond convenable\u2026 et voil\u00e0\u00a0! Pour ce genre de photo, il est important de trouver les bons v\u00eatements et les bons accessoires\u00a0: qui sont en coh\u00e9rence avec la personne, qui la mettent en avant sans l\u2019\u00e9clipser. L\u2019essentiel ensuite, c\u2019est de capturer l\u2019essence du regard, miroir parfait de l\u2019\u00e2me. Alors, dites-moi, que lisez-vous dans ce regard-l\u00e0\u00a0?\" \/>\n<meta property=\"og:url\" content=\"https:\/\/www.giulia-larigaldie.com\/en\/travailler-avec-des-contraintes-pour-ou-contre\/\" \/>\n<meta property=\"og:site_name\" content=\"Giulia Larigaldie\" \/>\n<meta property=\"article:published_time\" content=\"2024-03-08T16:47:25+00:00\" \/>\n<meta property=\"article:modified_time\" content=\"2024-05-07T15:48:32+00:00\" \/>\n<meta property=\"og:image\" content=\"https:\/\/www.giulia-larigaldie.com\/wp-content\/uploads\/2024\/04\/Isabella-DSC_9637-1-scaled.jpg\" \/>\n\t<meta property=\"og:image:width\" content=\"1709\" \/>\n\t<meta property=\"og:image:height\" content=\"2560\" \/>\n\t<meta property=\"og:image:type\" content=\"image\/jpeg\" \/>\n<meta name=\"author\" content=\"Giulia Larigaldie\" \/>\n<meta name=\"twitter:card\" content=\"summary_large_image\" \/>\n<meta name=\"twitter:label1\" content=\"Written by\" \/>\n\t<meta name=\"twitter:data1\" content=\"Giulia Larigaldie\" \/>\n\t<meta name=\"twitter:label2\" content=\"Estimated reading time\" \/>\n\t<meta name=\"twitter:data2\" content=\"2 minutes\" \/>\n<script type=\"application\/ld+json\" class=\"yoast-schema-graph\">{\"@context\":\"https:\/\/schema.org\",\"@graph\":[{\"@type\":\"Article\",\"@id\":\"https:\/\/www.giulia-larigaldie.com\/travailler-avec-des-contraintes-pour-ou-contre\/#article\",\"isPartOf\":{\"@id\":\"https:\/\/www.giulia-larigaldie.com\/travailler-avec-des-contraintes-pour-ou-contre\/\"},\"author\":{\"name\":\"Giulia Larigaldie\",\"@id\":\"https:\/\/www.giulia-larigaldie.com\/#\/schema\/person\/7ea8f5903d7a93eb0545f285f871b58b\"},\"headline\":\"\u00a0Travailler avec des contraintes\u00a0: pour ou contre\u00a0?\",\"datePublished\":\"2024-03-08T16:47:25+00:00\",\"dateModified\":\"2024-05-07T15:48:32+00:00\",\"mainEntityOfPage\":{\"@id\":\"https:\/\/www.giulia-larigaldie.com\/travailler-avec-des-contraintes-pour-ou-contre\/\"},\"wordCount\":201,\"commentCount\":0,\"publisher\":{\"@id\":\"https:\/\/www.giulia-larigaldie.com\/#organization\"},\"image\":{\"@id\":\"https:\/\/www.giulia-larigaldie.com\/travailler-avec-des-contraintes-pour-ou-contre\/#primaryimage\"},\"thumbnailUrl\":\"https:\/\/www.giulia-larigaldie.com\/wp-content\/uploads\/2024\/04\/Isabella-DSC_9637-1-scaled.jpg\",\"articleSection\":[\"News\",\"Photographie\",\"Photographie\"],\"inLanguage\":\"en-GB\",\"potentialAction\":[{\"@type\":\"CommentAction\",\"name\":\"Comment\",\"target\":[\"https:\/\/www.giulia-larigaldie.com\/travailler-avec-des-contraintes-pour-ou-contre\/#respond\"]}]},{\"@type\":\"WebPage\",\"@id\":\"https:\/\/www.giulia-larigaldie.com\/travailler-avec-des-contraintes-pour-ou-contre\/\",\"url\":\"https:\/\/www.giulia-larigaldie.com\/travailler-avec-des-contraintes-pour-ou-contre\/\",\"name\":\"\u00a0Travailler avec des contraintes\u00a0: pour ou contre\u00a0?\",\"isPartOf\":{\"@id\":\"https:\/\/www.giulia-larigaldie.com\/#website\"},\"primaryImageOfPage\":{\"@id\":\"https:\/\/www.giulia-larigaldie.com\/travailler-avec-des-contraintes-pour-ou-contre\/#primaryimage\"},\"image\":{\"@id\":\"https:\/\/www.giulia-larigaldie.com\/travailler-avec-des-contraintes-pour-ou-contre\/#primaryimage\"},\"thumbnailUrl\":\"https:\/\/www.giulia-larigaldie.com\/wp-content\/uploads\/2024\/04\/Isabella-DSC_9637-1-scaled.jpg\",\"datePublished\":\"2024-03-08T16:47:25+00:00\",\"dateModified\":\"2024-05-07T15:48:32+00:00\",\"breadcrumb\":{\"@id\":\"https:\/\/www.giulia-larigaldie.com\/travailler-avec-des-contraintes-pour-ou-contre\/#breadcrumb\"},\"inLanguage\":\"en-GB\",\"potentialAction\":[{\"@type\":\"ReadAction\",\"target\":[\"https:\/\/www.giulia-larigaldie.com\/travailler-avec-des-contraintes-pour-ou-contre\/\"]}]},{\"@type\":\"ImageObject\",\"inLanguage\":\"en-GB\",\"@id\":\"https:\/\/www.giulia-larigaldie.com\/travailler-avec-des-contraintes-pour-ou-contre\/#primaryimage\",\"url\":\"https:\/\/www.giulia-larigaldie.com\/wp-content\/uploads\/2024\/04\/Isabella-DSC_9637-1-scaled.jpg\",\"contentUrl\":\"https:\/\/www.giulia-larigaldie.com\/wp-content\/uploads\/2024\/04\/Isabella-DSC_9637-1-scaled.jpg\",\"width\":1709,\"height\":2560},{\"@type\":\"BreadcrumbList\",\"@id\":\"https:\/\/www.giulia-larigaldie.com\/travailler-avec-des-contraintes-pour-ou-contre\/#breadcrumb\",\"itemListElement\":[{\"@type\":\"ListItem\",\"position\":1,\"name\":\"Accueil\",\"item\":\"https:\/\/www.giulia-larigaldie.com\/\"},{\"@type\":\"ListItem\",\"position\":2,\"name\":\"\u00a0Travailler avec des contraintes\u00a0: pour ou contre\u00a0?\"}]},{\"@type\":\"WebSite\",\"@id\":\"https:\/\/www.giulia-larigaldie.com\/#website\",\"url\":\"https:\/\/www.giulia-larigaldie.com\/\",\"name\":\"Giulia Larigaldie\",\"description\":\"\u00c9criture & photographie\",\"publisher\":{\"@id\":\"https:\/\/www.giulia-larigaldie.com\/#organization\"},\"potentialAction\":[{\"@type\":\"SearchAction\",\"target\":{\"@type\":\"EntryPoint\",\"urlTemplate\":\"https:\/\/www.giulia-larigaldie.com\/?s={search_term_string}\"},\"query-input\":{\"@type\":\"PropertyValueSpecification\",\"valueRequired\":true,\"valueName\":\"search_term_string\"}}],\"inLanguage\":\"en-GB\"},{\"@type\":\"Organization\",\"@id\":\"https:\/\/www.giulia-larigaldie.com\/#organization\",\"name\":\"Giulia Larigaldie\",\"url\":\"https:\/\/www.giulia-larigaldie.com\/\",\"logo\":{\"@type\":\"ImageObject\",\"inLanguage\":\"en-GB\",\"@id\":\"https:\/\/www.giulia-larigaldie.com\/#\/schema\/logo\/image\/\",\"url\":\"https:\/\/www.giulia-larigaldie.com\/wp-content\/uploads\/2020\/01\/cropped-logo-tres-petit-1.png\",\"contentUrl\":\"https:\/\/www.giulia-larigaldie.com\/wp-content\/uploads\/2020\/01\/cropped-logo-tres-petit-1.png\",\"width\":485,\"height\":216,\"caption\":\"Giulia Larigaldie\"},\"image\":{\"@id\":\"https:\/\/www.giulia-larigaldie.com\/#\/schema\/logo\/image\/\"}},{\"@type\":\"Person\",\"@id\":\"https:\/\/www.giulia-larigaldie.com\/#\/schema\/person\/7ea8f5903d7a93eb0545f285f871b58b\",\"name\":\"Giulia Larigaldie\",\"image\":{\"@type\":\"ImageObject\",\"inLanguage\":\"en-GB\",\"@id\":\"https:\/\/www.giulia-larigaldie.com\/#\/schema\/person\/image\/\",\"url\":\"https:\/\/secure.gravatar.com\/avatar\/1206d94e433482003e0c67627b1aea00af0c184ff4d600f0dbc5a61558e91de7?s=96&d=mm&r=g\",\"contentUrl\":\"https:\/\/secure.gravatar.com\/avatar\/1206d94e433482003e0c67627b1aea00af0c184ff4d600f0dbc5a61558e91de7?s=96&d=mm&r=g\",\"caption\":\"Giulia Larigaldie\"},\"sameAs\":[\"http:\/\/www.giulia-larigaldie.com\"],\"url\":\"https:\/\/www.giulia-larigaldie.com\/en\/author\/giulia\/\"}]}<\/script>\n<!-- \/ Yoast SEO plugin. -->","yoast_head_json":{"title":"\u00a0Travailler avec des contraintes\u00a0: pour ou contre\u00a0?","robots":{"index":"index","follow":"follow","max-snippet":"max-snippet:-1","max-image-preview":"max-image-preview:large","max-video-preview":"max-video-preview:-1"},"canonical":"https:\/\/www.giulia-larigaldie.com\/en\/travailler-avec-des-contraintes-pour-ou-contre\/","og_locale":"en_GB","og_type":"article","og_title":"[:fr]\u00a0Travailler avec des contraintes\u00a0: pour ou contre\u00a0?[:] - Giulia Larigaldie","og_description":"En ce qui me concerne, les contraintes (conditions climatiques, timing, arri\u00e8re-plan non contr\u00f4l\u00e9\u2026) ont plut\u00f4t tendance \u00e0 me stimuler. Cela permet de ne jamais s\u2019installer dans une routine bien huil\u00e9e. C\u2019est pourquoi je pr\u00e9f\u00e8re les photos en ext\u00e9rieur \u00e0 celles en studio. Ici, je devais faire un portrait pour des documents \u00e0 usage plut\u00f4t professionnel. Les contraintes&nbsp;: tr\u00e8s peu de temps, plut\u00f4t en int\u00e9rieur mais avec une partie de mon \u00e9quipement manquante\u2026 R\u00e9sultat\u00a0: les photos en int\u00e9rieur n\u2019\u00e9taient pas satisfaisantes. Que faire\u00a0? Heureusement, il y a eu un rayon de soleil (de tr\u00e8s courte dur\u00e9e)\u00a0: nous en avons profit\u00e9 pour nous installer dehors au plus vite (\u00e0 peine le temps d\u2019enfiler nos chaussures\u00a0!), trouver un fond convenable\u2026 et voil\u00e0\u00a0! Pour ce genre de photo, il est important de trouver les bons v\u00eatements et les bons accessoires\u00a0: qui sont en coh\u00e9rence avec la personne, qui la mettent en avant sans l\u2019\u00e9clipser. L\u2019essentiel ensuite, c\u2019est de capturer l\u2019essence du regard, miroir parfait de l\u2019\u00e2me. Alors, dites-moi, que lisez-vous dans ce regard-l\u00e0\u00a0?","og_url":"https:\/\/www.giulia-larigaldie.com\/en\/travailler-avec-des-contraintes-pour-ou-contre\/","og_site_name":"Giulia Larigaldie","article_published_time":"2024-03-08T16:47:25+00:00","article_modified_time":"2024-05-07T15:48:32+00:00","og_image":[{"width":1709,"height":2560,"url":"https:\/\/www.giulia-larigaldie.com\/wp-content\/uploads\/2024\/04\/Isabella-DSC_9637-1-scaled.jpg","type":"image\/jpeg"}],"author":"Giulia Larigaldie","twitter_card":"summary_large_image","twitter_misc":{"Written by":"Giulia Larigaldie","Estimated reading time":"2 minutes"},"schema":{"@context":"https:\/\/schema.org","@graph":[{"@type":"Article","@id":"https:\/\/www.giulia-larigaldie.com\/travailler-avec-des-contraintes-pour-ou-contre\/#article","isPartOf":{"@id":"https:\/\/www.giulia-larigaldie.com\/travailler-avec-des-contraintes-pour-ou-contre\/"},"author":{"name":"Giulia Larigaldie","@id":"https:\/\/www.giulia-larigaldie.com\/#\/schema\/person\/7ea8f5903d7a93eb0545f285f871b58b"},"headline":"\u00a0Travailler avec des contraintes\u00a0: pour ou contre\u00a0?","datePublished":"2024-03-08T16:47:25+00:00","dateModified":"2024-05-07T15:48:32+00:00","mainEntityOfPage":{"@id":"https:\/\/www.giulia-larigaldie.com\/travailler-avec-des-contraintes-pour-ou-contre\/"},"wordCount":201,"commentCount":0,"publisher":{"@id":"https:\/\/www.giulia-larigaldie.com\/#organization"},"image":{"@id":"https:\/\/www.giulia-larigaldie.com\/travailler-avec-des-contraintes-pour-ou-contre\/#primaryimage"},"thumbnailUrl":"https:\/\/www.giulia-larigaldie.com\/wp-content\/uploads\/2024\/04\/Isabella-DSC_9637-1-scaled.jpg","articleSection":["News","Photographie","Photographie"],"inLanguage":"en-GB","potentialAction":[{"@type":"CommentAction","name":"Comment","target":["https:\/\/www.giulia-larigaldie.com\/travailler-avec-des-contraintes-pour-ou-contre\/#respond"]}]},{"@type":"WebPage","@id":"https:\/\/www.giulia-larigaldie.com\/travailler-avec-des-contraintes-pour-ou-contre\/","url":"https:\/\/www.giulia-larigaldie.com\/travailler-avec-des-contraintes-pour-ou-contre\/","name":"\u00a0Travailler avec des contraintes\u00a0: pour ou contre\u00a0?","isPartOf":{"@id":"https:\/\/www.giulia-larigaldie.com\/#website"},"primaryImageOfPage":{"@id":"https:\/\/www.giulia-larigaldie.com\/travailler-avec-des-contraintes-pour-ou-contre\/#primaryimage"},"image":{"@id":"https:\/\/www.giulia-larigaldie.com\/travailler-avec-des-contraintes-pour-ou-contre\/#primaryimage"},"thumbnailUrl":"https:\/\/www.giulia-larigaldie.com\/wp-content\/uploads\/2024\/04\/Isabella-DSC_9637-1-scaled.jpg","datePublished":"2024-03-08T16:47:25+00:00","dateModified":"2024-05-07T15:48:32+00:00","breadcrumb":{"@id":"https:\/\/www.giulia-larigaldie.com\/travailler-avec-des-contraintes-pour-ou-contre\/#breadcrumb"},"inLanguage":"en-GB","potentialAction":[{"@type":"ReadAction","target":["https:\/\/www.giulia-larigaldie.com\/travailler-avec-des-contraintes-pour-ou-contre\/"]}]},{"@type":"ImageObject","inLanguage":"en-GB","@id":"https:\/\/www.giulia-larigaldie.com\/travailler-avec-des-contraintes-pour-ou-contre\/#primaryimage","url":"https:\/\/www.giulia-larigaldie.com\/wp-content\/uploads\/2024\/04\/Isabella-DSC_9637-1-scaled.jpg","contentUrl":"https:\/\/www.giulia-larigaldie.com\/wp-content\/uploads\/2024\/04\/Isabella-DSC_9637-1-scaled.jpg","width":1709,"height":2560},{"@type":"BreadcrumbList","@id":"https:\/\/www.giulia-larigaldie.com\/travailler-avec-des-contraintes-pour-ou-contre\/#breadcrumb","itemListElement":[{"@type":"ListItem","position":1,"name":"Accueil","item":"https:\/\/www.giulia-larigaldie.com\/"},{"@type":"ListItem","position":2,"name":"\u00a0Travailler avec des contraintes\u00a0: pour ou contre\u00a0?"}]},{"@type":"WebSite","@id":"https:\/\/www.giulia-larigaldie.com\/#website","url":"https:\/\/www.giulia-larigaldie.com\/","name":"Giulia Larigaldie","description":"\u00c9criture & photographie","publisher":{"@id":"https:\/\/www.giulia-larigaldie.com\/#organization"},"potentialAction":[{"@type":"SearchAction","target":{"@type":"EntryPoint","urlTemplate":"https:\/\/www.giulia-larigaldie.com\/?s={search_term_string}"},"query-input":{"@type":"PropertyValueSpecification","valueRequired":true,"valueName":"search_term_string"}}],"inLanguage":"en-GB"},{"@type":"Organization","@id":"https:\/\/www.giulia-larigaldie.com\/#organization","name":"Giulia Larigaldie","url":"https:\/\/www.giulia-larigaldie.com\/","logo":{"@type":"ImageObject","inLanguage":"en-GB","@id":"https:\/\/www.giulia-larigaldie.com\/#\/schema\/logo\/image\/","url":"https:\/\/www.giulia-larigaldie.com\/wp-content\/uploads\/2020\/01\/cropped-logo-tres-petit-1.png","contentUrl":"https:\/\/www.giulia-larigaldie.com\/wp-content\/uploads\/2020\/01\/cropped-logo-tres-petit-1.png","width":485,"height":216,"caption":"Giulia Larigaldie"},"image":{"@id":"https:\/\/www.giulia-larigaldie.com\/#\/schema\/logo\/image\/"}},{"@type":"Person","@id":"https:\/\/www.giulia-larigaldie.com\/#\/schema\/person\/7ea8f5903d7a93eb0545f285f871b58b","name":"Giulia Larigaldie","image":{"@type":"ImageObject","inLanguage":"en-GB","@id":"https:\/\/www.giulia-larigaldie.com\/#\/schema\/person\/image\/","url":"https:\/\/secure.gravatar.com\/avatar\/1206d94e433482003e0c67627b1aea00af0c184ff4d600f0dbc5a61558e91de7?s=96&d=mm&r=g","contentUrl":"https:\/\/secure.gravatar.com\/avatar\/1206d94e433482003e0c67627b1aea00af0c184ff4d600f0dbc5a61558e91de7?s=96&d=mm&r=g","caption":"Giulia Larigaldie"},"sameAs":["http:\/\/www.giulia-larigaldie.com"],"url":"https:\/\/www.giulia-larigaldie.com\/en\/author\/giulia\/"}]}},"uagb_featured_image_src":{"full":["https:\/\/www.giulia-larigaldie.com\/wp-content\/uploads\/2024\/04\/Isabella-DSC_9637-1-scaled.jpg",1709,2560,false],"thumbnail":["https:\/\/www.giulia-larigaldie.com\/wp-content\/uploads\/2024\/04\/Isabella-DSC_9637-1-150x150.jpg",150,150,true],"medium":["https:\/\/www.giulia-larigaldie.com\/wp-content\/uploads\/2024\/04\/Isabella-DSC_9637-1-200x300.jpg",200,300,true],"medium_large":["https:\/\/www.giulia-larigaldie.com\/wp-content\/uploads\/2024\/04\/Isabella-DSC_9637-1-768x1151.jpg",768,1151,true],"large":["https:\/\/www.giulia-larigaldie.com\/wp-content\/uploads\/2024\/04\/Isabella-DSC_9637-1-683x1024.jpg",683,1024,true],"1536x1536":["https:\/\/www.giulia-larigaldie.com\/wp-content\/uploads\/2024\/04\/Isabella-DSC_9637-1-1025x1536.jpg",1025,1536,true],"2048x2048":["https:\/\/www.giulia-larigaldie.com\/wp-content\/uploads\/2024\/04\/Isabella-DSC_9637-1-1367x2048.jpg",1367,2048,true],"bard-slider-grid-thumbnail":["https:\/\/www.giulia-larigaldie.com\/wp-content\/uploads\/2024\/04\/Isabella-DSC_9637-1-1160x590.jpg",1160,590,true],"bard-full-thumbnail":["https:\/\/www.giulia-larigaldie.com\/wp-content\/uploads\/2024\/04\/Isabella-DSC_9637-1-1000x1498.jpg",1000,1498,true],"bard-grid-thumbnail":["https:\/\/www.giulia-larigaldie.com\/wp-content\/uploads\/2024\/04\/Isabella-DSC_9637-1-500x380.jpg",500,380,true],"bard-list-thumbnail":["https:\/\/www.giulia-larigaldie.com\/wp-content\/uploads\/2024\/04\/Isabella-DSC_9637-1-300x300.jpg",300,300,true],"bard-single-navigation":["https:\/\/www.giulia-larigaldie.com\/wp-content\/uploads\/2024\/04\/Isabella-DSC_9637-1-75x75.jpg",75,75,true]},"uagb_author_info":{"display_name":"Giulia Larigaldie","author_link":"https:\/\/www.giulia-larigaldie.com\/en\/author\/giulia\/"},"uagb_comment_info":0,"uagb_excerpt":"En ce qui me concerne, les contraintes (conditions climatiques, timing, arri\u00e8re-plan non contr\u00f4l\u00e9\u2026) ont plut\u00f4t tendance \u00e0 me stimuler. Cela permet de ne jamais s\u2019installer dans une routine bien huil\u00e9e. C\u2019est pourquoi je pr\u00e9f\u00e8re les photos en ext\u00e9rieur \u00e0 celles en studio. Ici, je devais faire un portrait pour des documents \u00e0 usage plut\u00f4t professionnel.&hellip;","acf":[],"_links":{"self":[{"href":"https:\/\/www.giulia-larigaldie.com\/en\/wp-json\/wp\/v2\/posts\/3091","targetHints":{"allow":["GET"]}}],"collection":[{"href":"https:\/\/www.giulia-larigaldie.com\/en\/wp-json\/wp\/v2\/posts"}],"about":[{"href":"https:\/\/www.giulia-larigaldie.com\/en\/wp-json\/wp\/v2\/types\/post"}],"author":[{"embeddable":true,"href":"https:\/\/www.giulia-larigaldie.com\/en\/wp-json\/wp\/v2\/users\/2"}],"replies":[{"embeddable":true,"href":"https:\/\/www.giulia-larigaldie.com\/en\/wp-json\/wp\/v2\/comments?post=3091"}],"version-history":[{"count":2,"href":"https:\/\/www.giulia-larigaldie.com\/en\/wp-json\/wp\/v2\/posts\/3091\/revisions"}],"predecessor-version":[{"id":3093,"href":"https:\/\/www.giulia-larigaldie.com\/en\/wp-json\/wp\/v2\/posts\/3091\/revisions\/3093"}],"wp:featuredmedia":[{"embeddable":true,"href":"https:\/\/www.giulia-larigaldie.com\/en\/wp-json\/wp\/v2\/media\/2955"}],"wp:attachment":[{"href":"https:\/\/www.giulia-larigaldie.com\/en\/wp-json\/wp\/v2\/media?parent=3091"}],"wp:term":[{"taxonomy":"category","embeddable":true,"href":"https:\/\/www.giulia-larigaldie.com\/en\/wp-json\/wp\/v2\/categories?post=3091"},{"taxonomy":"post_tag","embeddable":true,"href":"https:\/\/www.giulia-larigaldie.com\/en\/wp-json\/wp\/v2\/tags?post=3091"}],"curies":[{"name":"wp","href":"https:\/\/api.w.org\/{rel}","templated":true}]}}